{"id":8688,"date":"2025-04-14T08:26:08","date_gmt":"2025-04-14T06:26:08","guid":{"rendered":"https:\/\/zso4.szczecin.pl\/podstawowka\/?p=8688"},"modified":"2025-04-14T08:26:09","modified_gmt":"2025-04-14T06:26:09","slug":"23-miedzyszkolny-konkurs-piosenki-zeglarskiej-i-szantowej-zdroje-2025","status":"publish","type":"post","link":"https:\/\/zso4.szczecin.pl\/podstawowka\/2025\/04\/14\/23-miedzyszkolny-konkurs-piosenki-zeglarskiej-i-szantowej-zdroje-2025\/","title":{"rendered":"23&nbsp; Mi\u0119dzyszkolny Konkurs Piosenki \u017beglarskiej i Szantowej ZDROJE 2025"},"content":{"rendered":"\n<p>W ramach programu Edukacja Morska &#8211; udzia\u0142 uczestnik\u00f3w z klasy 1c w 23&nbsp; Mi\u0119dzyszkolnym Konkursie Piosenki \u017beglarskiej i Szantowej ZDROJE 2025, w Szkole Podstawowej Nr 65. Uczestnicy konkursu (Zuzia Racka, Karolina Kraso\u0144, Hania Adamska, Blanka Ma\u0142ek, Zosia Seku\u0142a, Ola Twarowska, Bartek Zielonka, Fabian \u0141\u0119kowski, Olek S\u0142awi\u0144ski).<\/p>\n\n\n\n<p>Na zdj\u0119ciach widniej\u0105 uczniowie uczestnicz\u0105cy\u00a0 w konkursie.<\/p>\n\n\n\n<figure class=\"wp-container-2 wp-block-gallery-1 wp-block-gallery has-nested-images columns-default is-cropped\">\n<figure class=\"wp-block-image size-large\"><img loading=\"lazy\" width=\"1024\" height=\"768\" data-id=\"8697\"  src=\"https:\/\/zso4.szczecin.pl\/podstawowka\/wp-content\/uploads\/sites\/3\/2025\/04\/Na-zdjeciach-widnieja-uczniowie-uczestniczacy-w-konkursie-1-1024x768.jpg\" alt=\"Na zdjeciach widnieja uczniowie uczestniczacy w konkursie 1\" class=\"wp-image-8697\" srcset=\"https:\/\/zso4.szczecin.pl\/podstawowka\/wp-content\/uploads\/sites\/3\/2025\/04\/Na-zdjeciach-widnieja-uczniowie-uczestniczacy-w-konkursie-1-1024x768.jpg 1024w, https:\/\/zso4.szczecin.pl\/podstawowka\/wp-content\/uploads\/sites\/3\/2025\/04\/Na-zdjeciach-widnieja-uczniowie-uczestniczacy-w-konkursie-1-300x225.jpg 300w, https:\/\/zso4.szczecin.pl\/podstawowka\/wp-content\/uploads\/sites\/3\/2025\/04\/Na-zdjeciach-widnieja-uczniowie-uczestniczacy-w-konkursie-1-768x576.jpg 768w, https:\/\/zso4.szczecin.pl\/podstawowka\/wp-content\/uploads\/sites\/3\/2025\/04\/Na-zdjeciach-widnieja-uczniowie-uczestniczacy-w-konkursie-1-1536x1152.jpg 1536w, https:\/\/zso4.szczecin.pl\/podstawowka\/wp-content\/uploads\/sites\/3\/2025\/04\/Na-zdjeciach-widnieja-uczniowie-uczestniczacy-w-konkursie-1.jpg 1600w\" sizes=\"(max-width: 1024px) 100vw, 1024px\" \/><\/figure>\n\n\n\n<figure class=\"wp-block-image size-large\"><img loading=\"lazy\" width=\"1024\" height=\"768\" data-id=\"8696\"  src=\"https:\/\/zso4.szczecin.pl\/podstawowka\/wp-content\/uploads\/sites\/3\/2025\/04\/Na-zdjeciach-widnieja-uczniowie-uczestniczacy-w-konkursie-2-1024x768.jpg\" alt=\"Na zdjeciach widnieja uczniowie uczestniczacy w konkursie 2\" class=\"wp-image-8696\" srcset=\"https:\/\/zso4.szczecin.pl\/podstawowka\/wp-content\/uploads\/sites\/3\/2025\/04\/Na-zdjeciach-widnieja-uczniowie-uczestniczacy-w-konkursie-2-1024x768.jpg 1024w, https:\/\/zso4.szczecin.pl\/podstawowka\/wp-content\/uploads\/sites\/3\/2025\/04\/Na-zdjeciach-widnieja-uczniowie-uczestniczacy-w-konkursie-2-300x225.jpg 300w, https:\/\/zso4.szczecin.pl\/podstawowka\/wp-content\/uploads\/sites\/3\/2025\/04\/Na-zdjeciach-widnieja-uczniowie-uczestniczacy-w-konkursie-2-768x576.jpg 768w, https:\/\/zso4.szczecin.pl\/podstawowka\/wp-content\/uploads\/sites\/3\/2025\/04\/Na-zdjeciach-widnieja-uczniowie-uczestniczacy-w-konkursie-2-1536x1152.jpg 1536w, https:\/\/zso4.szczecin.pl\/podstawowka\/wp-content\/uploads\/sites\/3\/2025\/04\/Na-zdjeciach-widnieja-uczniowie-uczestniczacy-w-konkursie-2.jpg 1600w\" sizes=\"(max-width: 1024px) 100vw, 1024px\" \/><\/figure>\n\n\n\n<figure class=\"wp-block-image size-large\"><img loading=\"lazy\" width=\"768\" height=\"1024\" data-id=\"8692\"  src=\"https:\/\/zso4.szczecin.pl\/podstawowka\/wp-content\/uploads\/sites\/3\/2025\/04\/Na-zdjeciach-widnieja-uczniowie-uczestniczacy-w-konkursie-3-768x1024.jpg\" alt=\"Na zdjeciach widnieja uczniowie uczestniczacy w konkursie 3\" class=\"wp-image-8692\" srcset=\"https:\/\/zso4.szczecin.pl\/podstawowka\/wp-content\/uploads\/sites\/3\/2025\/04\/Na-zdjeciach-widnieja-uczniowie-uczestniczacy-w-konkursie-3-768x1024.jpg 768w, https:\/\/zso4.szczecin.pl\/podstawowka\/wp-content\/uploads\/sites\/3\/2025\/04\/Na-zdjeciach-widnieja-uczniowie-uczestniczacy-w-konkursie-3-225x300.jpg 225w, https:\/\/zso4.szczecin.pl\/podstawowka\/wp-content\/uploads\/sites\/3\/2025\/04\/Na-zdjeciach-widnieja-uczniowie-uczestniczacy-w-konkursie-3-1152x1536.jpg 1152w, https:\/\/zso4.szczecin.pl\/podstawowka\/wp-content\/uploads\/sites\/3\/2025\/04\/Na-zdjeciach-widnieja-uczniowie-uczestniczacy-w-konkursie-3.jpg 1200w\" sizes=\"(max-width: 768px) 100vw, 768px\" \/><\/figure>\n\n\n\n<figure class=\"wp-block-image size-large\"><img loading=\"lazy\" width=\"768\" height=\"1024\" data-id=\"8693\"  src=\"https:\/\/zso4.szczecin.pl\/podstawowka\/wp-content\/uploads\/sites\/3\/2025\/04\/Na-zdjeciach-widnieja-uczniowie-uczestniczacy-w-konkursie-4-768x1024.jpg\" alt=\"Na zdjeciach widnieja uczniowie uczestniczacy w konkursie 4\" class=\"wp-image-8693\" srcset=\"https:\/\/zso4.szczecin.pl\/podstawowka\/wp-content\/uploads\/sites\/3\/2025\/04\/Na-zdjeciach-widnieja-uczniowie-uczestniczacy-w-konkursie-4-768x1024.jpg 768w, https:\/\/zso4.szczecin.pl\/podstawowka\/wp-content\/uploads\/sites\/3\/2025\/04\/Na-zdjeciach-widnieja-uczniowie-uczestniczacy-w-konkursie-4-225x300.jpg 225w, https:\/\/zso4.szczecin.pl\/podstawowka\/wp-content\/uploads\/sites\/3\/2025\/04\/Na-zdjeciach-widnieja-uczniowie-uczestniczacy-w-konkursie-4-1152x1536.jpg 1152w, https:\/\/zso4.szczecin.pl\/podstawowka\/wp-content\/uploads\/sites\/3\/2025\/04\/Na-zdjeciach-widnieja-uczniowie-uczestniczacy-w-konkursie-4.jpg 1200w\" sizes=\"(max-width: 768px) 100vw, 768px\" \/><\/figure>\n\n\n\n<figure class=\"wp-block-image size-large\"><img loading=\"lazy\" width=\"768\" height=\"1024\" data-id=\"8690\"  src=\"https:\/\/zso4.szczecin.pl\/podstawowka\/wp-content\/uploads\/sites\/3\/2025\/04\/Na-zdjeciach-widnieja-uczniowie-uczestniczacy-w-konkursie-5-768x1024.jpg\" alt=\"Na zdjeciach widnieja uczniowie uczestniczacy w konkursie 5\" class=\"wp-image-8690\" srcset=\"https:\/\/zso4.szczecin.pl\/podstawowka\/wp-content\/uploads\/sites\/3\/2025\/04\/Na-zdjeciach-widnieja-uczniowie-uczestniczacy-w-konkursie-5-768x1024.jpg 768w, https:\/\/zso4.szczecin.pl\/podstawowka\/wp-content\/uploads\/sites\/3\/2025\/04\/Na-zdjeciach-widnieja-uczniowie-uczestniczacy-w-konkursie-5-225x300.jpg 225w, https:\/\/zso4.szczecin.pl\/podstawowka\/wp-content\/uploads\/sites\/3\/2025\/04\/Na-zdjeciach-widnieja-uczniowie-uczestniczacy-w-konkursie-5-1152x1536.jpg 1152w, https:\/\/zso4.szczecin.pl\/podstawowka\/wp-content\/uploads\/sites\/3\/2025\/04\/Na-zdjeciach-widnieja-uczniowie-uczestniczacy-w-konkursie-5.jpg 1200w\" sizes=\"(max-width: 768px) 100vw, 768px\" \/><\/figure>\n\n\n\n<figure class=\"wp-block-image size-large\"><img loading=\"lazy\" width=\"768\" height=\"1024\" data-id=\"8695\"  src=\"https:\/\/zso4.szczecin.pl\/podstawowka\/wp-content\/uploads\/sites\/3\/2025\/04\/Na-zdjeciach-widnieja-uczniowie-uczestniczacy-w-konkursie-6-768x1024.jpg\" alt=\"Na zdjeciach widnieja uczniowie uczestniczacy w konkursie 6\" class=\"wp-image-8695\" srcset=\"https:\/\/zso4.szczecin.pl\/podstawowka\/wp-content\/uploads\/sites\/3\/2025\/04\/Na-zdjeciach-widnieja-uczniowie-uczestniczacy-w-konkursie-6-768x1024.jpg 768w, https:\/\/zso4.szczecin.pl\/podstawowka\/wp-content\/uploads\/sites\/3\/2025\/04\/Na-zdjeciach-widnieja-uczniowie-uczestniczacy-w-konkursie-6-225x300.jpg 225w, https:\/\/zso4.szczecin.pl\/podstawowka\/wp-content\/uploads\/sites\/3\/2025\/04\/Na-zdjeciach-widnieja-uczniowie-uczestniczacy-w-konkursie-6-1152x1536.jpg 1152w, https:\/\/zso4.szczecin.pl\/podstawowka\/wp-content\/uploads\/sites\/3\/2025\/04\/Na-zdjeciach-widnieja-uczniowie-uczestniczacy-w-konkursie-6.jpg 1200w\" sizes=\"(max-width: 768px) 100vw, 768px\" \/><\/figure>\n\n\n\n<figure class=\"wp-block-image size-large\"><img loading=\"lazy\" width=\"768\" height=\"1024\" data-id=\"8689\"  src=\"https:\/\/zso4.szczecin.pl\/podstawowka\/wp-content\/uploads\/sites\/3\/2025\/04\/Na-zdjeciach-widnieja-uczniowie-uczestniczacy-w-konkursie-7-768x1024.jpg\" alt=\"Na zdjeciach widnieja uczniowie uczestniczacy w konkursie 7\" class=\"wp-image-8689\" srcset=\"https:\/\/zso4.szczecin.pl\/podstawowka\/wp-content\/uploads\/sites\/3\/2025\/04\/Na-zdjeciach-widnieja-uczniowie-uczestniczacy-w-konkursie-7-768x1024.jpg 768w, https:\/\/zso4.szczecin.pl\/podstawowka\/wp-content\/uploads\/sites\/3\/2025\/04\/Na-zdjeciach-widnieja-uczniowie-uczestniczacy-w-konkursie-7-225x300.jpg 225w, https:\/\/zso4.szczecin.pl\/podstawowka\/wp-content\/uploads\/sites\/3\/2025\/04\/Na-zdjeciach-widnieja-uczniowie-uczestniczacy-w-konkursie-7-1152x1536.jpg 1152w, https:\/\/zso4.szczecin.pl\/podstawowka\/wp-content\/uploads\/sites\/3\/2025\/04\/Na-zdjeciach-widnieja-uczniowie-uczestniczacy-w-konkursie-7.jpg 1200w\" sizes=\"(max-width: 768px) 100vw, 768px\" \/><\/figure>\n\n\n\n<figure class=\"wp-block-image size-large\"><img loading=\"lazy\" width=\"768\" height=\"1024\" data-id=\"8691\"  src=\"https:\/\/zso4.szczecin.pl\/podstawowka\/wp-content\/uploads\/sites\/3\/2025\/04\/Na-zdjeciach-widnieja-uczniowie-uczestniczacy-w-konkursie-8-768x1024.jpg\" alt=\"Na zdjeciach widnieja uczniowie uczestniczacy w konkursie 8\" class=\"wp-image-8691\" srcset=\"https:\/\/zso4.szczecin.pl\/podstawowka\/wp-content\/uploads\/sites\/3\/2025\/04\/Na-zdjeciach-widnieja-uczniowie-uczestniczacy-w-konkursie-8-768x1024.jpg 768w, https:\/\/zso4.szczecin.pl\/podstawowka\/wp-content\/uploads\/sites\/3\/2025\/04\/Na-zdjeciach-widnieja-uczniowie-uczestniczacy-w-konkursie-8-225x300.jpg 225w, https:\/\/zso4.szczecin.pl\/podstawowka\/wp-content\/uploads\/sites\/3\/2025\/04\/Na-zdjeciach-widnieja-uczniowie-uczestniczacy-w-konkursie-8-1152x1536.jpg 1152w, https:\/\/zso4.szczecin.pl\/podstawowka\/wp-content\/uploads\/sites\/3\/2025\/04\/Na-zdjeciach-widnieja-uczniowie-uczestniczacy-w-konkursie-8.jpg 1200w\" sizes=\"(max-width: 768px) 100vw, 768px\" \/><\/figure>\n\n\n\n<figure class=\"wp-block-image size-large\"><img loading=\"lazy\" width=\"1024\" height=\"768\" data-id=\"8698\"  src=\"https:\/\/zso4.szczecin.pl\/podstawowka\/wp-content\/uploads\/sites\/3\/2025\/04\/Na-zdjeciach-widnieja-uczniowie-uczestniczacy-w-konkursie-9-1024x768.jpg\" alt=\"Na zdjeciach widnieja uczniowie uczestniczacy w konkursie 9\" class=\"wp-image-8698\" srcset=\"https:\/\/zso4.szczecin.pl\/podstawowka\/wp-content\/uploads\/sites\/3\/2025\/04\/Na-zdjeciach-widnieja-uczniowie-uczestniczacy-w-konkursie-9-1024x768.jpg 1024w, https:\/\/zso4.szczecin.pl\/podstawowka\/wp-content\/uploads\/sites\/3\/2025\/04\/Na-zdjeciach-widnieja-uczniowie-uczestniczacy-w-konkursie-9-300x225.jpg 300w, https:\/\/zso4.szczecin.pl\/podstawowka\/wp-content\/uploads\/sites\/3\/2025\/04\/Na-zdjeciach-widnieja-uczniowie-uczestniczacy-w-konkursie-9-768x576.jpg 768w, https:\/\/zso4.szczecin.pl\/podstawowka\/wp-content\/uploads\/sites\/3\/2025\/04\/Na-zdjeciach-widnieja-uczniowie-uczestniczacy-w-konkursie-9-1536x1152.jpg 1536w, https:\/\/zso4.szczecin.pl\/podstawowka\/wp-content\/uploads\/sites\/3\/2025\/04\/Na-zdjeciach-widnieja-uczniowie-uczestniczacy-w-konkursie-9.jpg 1600w\" sizes=\"(max-width: 1024px) 100vw, 1024px\" \/><\/figure>\n\n\n\n<figure class=\"wp-block-image size-large\"><img loading=\"lazy\" width=\"1024\" height=\"768\" data-id=\"8694\"  src=\"https:\/\/zso4.szczecin.pl\/podstawowka\/wp-content\/uploads\/sites\/3\/2025\/04\/Na-zdjeciach-widnieja-uczniowie-uczestniczacy-w-konkursie-10-1024x768.jpg\" alt=\"Na zdjeciach widnieja uczniowie uczestniczacy w konkursie 10\" class=\"wp-image-8694\" srcset=\"https:\/\/zso4.szczecin.pl\/podstawowka\/wp-content\/uploads\/sites\/3\/2025\/04\/Na-zdjeciach-widnieja-uczniowie-uczestniczacy-w-konkursie-10-1024x768.jpg 1024w, https:\/\/zso4.szczecin.pl\/podstawowka\/wp-content\/uploads\/sites\/3\/2025\/04\/Na-zdjeciach-widnieja-uczniowie-uczestniczacy-w-konkursie-10-300x225.jpg 300w, https:\/\/zso4.szczecin.pl\/podstawowka\/wp-content\/uploads\/sites\/3\/2025\/04\/Na-zdjeciach-widnieja-uczniowie-uczestniczacy-w-konkursie-10-768x576.jpg 768w, https:\/\/zso4.szczecin.pl\/podstawowka\/wp-content\/uploads\/sites\/3\/2025\/04\/Na-zdjeciach-widnieja-uczniowie-uczestniczacy-w-konkursie-10-1536x1152.jpg 1536w, https:\/\/zso4.szczecin.pl\/podstawowka\/wp-content\/uploads\/sites\/3\/2025\/04\/Na-zdjeciach-widnieja-uczniowie-uczestniczacy-w-konkursie-10.jpg 1600w\" sizes=\"(max-width: 1024px) 100vw, 1024px\" \/><\/figure>\n<\/figure>\n\n\n\n<p><\/p>\n","protected":false},"excerpt":{"rendered":"<p>W ramach programu Edukacja Morska &#8211; udzia\u0142 uczestnik\u00f3w z klasy 1c w 23&nbsp; Mi\u0119dzyszkolnym Konkursie Piosenki \u017beglarskiej i Szantowej ZDROJE 2025, w Szkole Podstawowej Nr 65. Uczestnicy konkursu (Zuzia Racka, Karolina Kraso\u0144, Hania Adamska, Blanka Ma\u0142ek, Zosia Seku\u0142a, Ola Twarowska, Bartek Zielonka, Fabian \u0141\u0119kowski, Olek S\u0142awi\u0144ski). Na zdj\u0119ciach widniej\u0105 uczniowie uczestnicz\u0105cy\u00a0 w konkursie.<\/p>\n","protected":false},"author":1,"featured_media":8694,"comment_status":"open","ping_status":"open","sticky":false,"template":"","format":"standard","meta":{"_exactmetrics_skip_tracking":false,"_exactmetrics_sitenote_active":false,"_exactmetrics_sitenote_note":"","_exactmetrics_sitenote_category":0},"categories":[1],"tags":[],"_links":{"self":[{"href":"https:\/\/zso4.szczecin.pl\/podstawowka\/wp-json\/wp\/v2\/posts\/8688"}],"collection":[{"href":"https:\/\/zso4.szczecin.pl\/podstawowka\/wp-json\/wp\/v2\/posts"}],"about":[{"href":"https:\/\/zso4.szczecin.pl\/podstawowka\/wp-json\/wp\/v2\/types\/post"}],"author":[{"embeddable":true,"href":"https:\/\/zso4.szczecin.pl\/podstawowka\/wp-json\/wp\/v2\/users\/1"}],"replies":[{"embeddable":true,"href":"https:\/\/zso4.szczecin.pl\/podstawowka\/wp-json\/wp\/v2\/comments?post=8688"}],"version-history":[{"count":1,"href":"https:\/\/zso4.szczecin.pl\/podstawowka\/wp-json\/wp\/v2\/posts\/8688\/revisions"}],"predecessor-version":[{"id":8699,"href":"https:\/\/zso4.szczecin.pl\/podstawowka\/wp-json\/wp\/v2\/posts\/8688\/revisions\/8699"}],"wp:featuredmedia":[{"embeddable":true,"href":"https:\/\/zso4.szczecin.pl\/podstawowka\/wp-json\/wp\/v2\/media\/8694"}],"wp:attachment":[{"href":"https:\/\/zso4.szczecin.pl\/podstawowka\/wp-json\/wp\/v2\/media?parent=8688"}],"wp:term":[{"taxonomy":"category","embeddable":true,"href":"https:\/\/zso4.szczecin.pl\/podstawowka\/wp-json\/wp\/v2\/categories?post=8688"},{"taxonomy":"post_tag","embeddable":true,"href":"https:\/\/zso4.szczecin.pl\/podstawowka\/wp-json\/wp\/v2\/tags?post=8688"}],"curies":[{"name":"wp","href":"https:\/\/api.w.org\/{rel}","templated":true}]}}