{"id":8504,"date":"2025-03-10T23:04:08","date_gmt":"2025-03-10T22:04:08","guid":{"rendered":"https:\/\/zso4.szczecin.pl\/podstawowka\/?p=8504"},"modified":"2025-03-10T23:04:09","modified_gmt":"2025-03-10T22:04:09","slug":"wspomnien-czar-pasowanie-na-zeglarza","status":"publish","type":"post","link":"https:\/\/zso4.szczecin.pl\/podstawowka\/2025\/03\/10\/wspomnien-czar-pasowanie-na-zeglarza\/","title":{"rendered":"Wspomnie\u0144 czar &#8211; PASOWANIE NA \u017bEGLARZA"},"content":{"rendered":"\n<p>\u201eOd dzi\u015b takie przyrzeczenie mamy\u2026\u201d \u2013 tak brzmia\u0142 pocz\u0105tek \u015blubowania&nbsp;klasy 1c i klasy 2c w Szkole Podstawowej Nr 2 w Szczecinie.<\/p>\n\n\n\n<p>Na te \u015bwi\u0119to nauczycielki z Programu Edukacji Morskiej, przygotowa\u0142y bogaty repertuar artystyczny dla zaproszonych go\u015bci i uczni\u00f3w. \u015alubowanie poprowadzi\u0142y uczennice klasy 4b \u2013 Marcelina Pietrzykowska, Maja Rybus, Hania Stachowska, Pola Tygielska i Maja Grzyb.<\/p>\n\n\n\n<p>Pasowania dokona\u0142&nbsp;Pan Jerzy Szwoch \u2013 instruktor sportu, Kapitan Jachtowy&nbsp;z Pomorskiego Centrum Edukacji Pa\u0142acu M\u0142odzie\u017cy, a \u015bwie\u017co mianowanym \u017ceglarzom Pani wicedyrektor \u2013 Julita G\u00f3recka, wr\u0119czy\u0142a dyplomy.<\/p>\n\n\n\n<p>Uroczysto\u015b\u0107 zako\u0144czy\u0142a si\u0119 wsp\u00f3lnymi zdj\u0119ciami.<\/p>\n\n\n\n<p>Uczniom \u017cyczymy wielu wspania\u0142ych przyg\u00f3d \u017ceglarskich!!!<\/p>\n\n\n\n<p>Na zdj\u0119ciach znajduj\u0105 si\u0119 uczniowie podczas uroczystego Pasowania na \u017beglarza.<\/p>\n\n\n\n<figure class=\"wp-container-2 wp-block-gallery-1 wp-block-gallery has-nested-images columns-default is-cropped\">\n<figure class=\"wp-block-image size-large\"><img data-id=\"8505\"  src=\"https:\/\/zso4.szczecin.pl\/podstawowka\/wp-content\/uploads\/sites\/3\/2025\/03\/Na-zdjeciach-znajduja-sie-uczniowie-podczas-uroczystego-Pasowania-na-Zeglarza-1-1024x1024.jpg\" alt=\"Na zdjeciach znajduja sie uczniowie podczas uroczystego Pasowania na Zeglarza 1\" class=\"wp-image-8505\"\/><\/figure>\n\n\n\n<figure class=\"wp-block-image size-large\"><img loading=\"lazy\" width=\"1024\" height=\"1024\" data-id=\"8507\"  src=\"https:\/\/zso4.szczecin.pl\/podstawowka\/wp-content\/uploads\/sites\/3\/2025\/03\/Na-zdjeciach-znajduja-sie-uczniowie-podczas-uroczystego-Pasowania-na-Zeglarza-2-1024x1024.jpg\" alt=\"Na zdjeciach znajduja sie uczniowie podczas uroczystego Pasowania na Zeglarza 2\" class=\"wp-image-8507\" srcset=\"https:\/\/zso4.szczecin.pl\/podstawowka\/wp-content\/uploads\/sites\/3\/2025\/03\/Na-zdjeciach-znajduja-sie-uczniowie-podczas-uroczystego-Pasowania-na-Zeglarza-2-1024x1024.jpg 1024w, https:\/\/zso4.szczecin.pl\/podstawowka\/wp-content\/uploads\/sites\/3\/2025\/03\/Na-zdjeciach-znajduja-sie-uczniowie-podczas-uroczystego-Pasowania-na-Zeglarza-2-300x300.jpg 300w, https:\/\/zso4.szczecin.pl\/podstawowka\/wp-content\/uploads\/sites\/3\/2025\/03\/Na-zdjeciach-znajduja-sie-uczniowie-podczas-uroczystego-Pasowania-na-Zeglarza-2-150x150.jpg 150w, https:\/\/zso4.szczecin.pl\/podstawowka\/wp-content\/uploads\/sites\/3\/2025\/03\/Na-zdjeciach-znajduja-sie-uczniowie-podczas-uroczystego-Pasowania-na-Zeglarza-2-768x768.jpg 768w, https:\/\/zso4.szczecin.pl\/podstawowka\/wp-content\/uploads\/sites\/3\/2025\/03\/Na-zdjeciach-znajduja-sie-uczniowie-podczas-uroczystego-Pasowania-na-Zeglarza-2-1536x1536.jpg 1536w, https:\/\/zso4.szczecin.pl\/podstawowka\/wp-content\/uploads\/sites\/3\/2025\/03\/Na-zdjeciach-znajduja-sie-uczniowie-podczas-uroczystego-Pasowania-na-Zeglarza-2.jpg 2048w\" sizes=\"(max-width: 1024px) 100vw, 1024px\" \/><\/figure>\n\n\n\n<figure class=\"wp-block-image size-large\"><img loading=\"lazy\" width=\"1024\" height=\"1024\" data-id=\"8506\"  src=\"https:\/\/zso4.szczecin.pl\/podstawowka\/wp-content\/uploads\/sites\/3\/2025\/03\/Na-zdjeciach-znajduja-sie-uczniowie-podczas-uroczystego-Pasowania-na-Zeglarza-3-1024x1024.jpg\" alt=\"Na zdjeciach znajduja sie uczniowie podczas uroczystego Pasowania na Zeglarza 3\" class=\"wp-image-8506\" srcset=\"https:\/\/zso4.szczecin.pl\/podstawowka\/wp-content\/uploads\/sites\/3\/2025\/03\/Na-zdjeciach-znajduja-sie-uczniowie-podczas-uroczystego-Pasowania-na-Zeglarza-3-1024x1024.jpg 1024w, https:\/\/zso4.szczecin.pl\/podstawowka\/wp-content\/uploads\/sites\/3\/2025\/03\/Na-zdjeciach-znajduja-sie-uczniowie-podczas-uroczystego-Pasowania-na-Zeglarza-3-300x300.jpg 300w, https:\/\/zso4.szczecin.pl\/podstawowka\/wp-content\/uploads\/sites\/3\/2025\/03\/Na-zdjeciach-znajduja-sie-uczniowie-podczas-uroczystego-Pasowania-na-Zeglarza-3-150x150.jpg 150w, https:\/\/zso4.szczecin.pl\/podstawowka\/wp-content\/uploads\/sites\/3\/2025\/03\/Na-zdjeciach-znajduja-sie-uczniowie-podczas-uroczystego-Pasowania-na-Zeglarza-3-768x768.jpg 768w, https:\/\/zso4.szczecin.pl\/podstawowka\/wp-content\/uploads\/sites\/3\/2025\/03\/Na-zdjeciach-znajduja-sie-uczniowie-podczas-uroczystego-Pasowania-na-Zeglarza-3-1536x1536.jpg 1536w, https:\/\/zso4.szczecin.pl\/podstawowka\/wp-content\/uploads\/sites\/3\/2025\/03\/Na-zdjeciach-znajduja-sie-uczniowie-podczas-uroczystego-Pasowania-na-Zeglarza-3.jpg 2048w\" sizes=\"(max-width: 1024px) 100vw, 1024px\" \/><\/figure>\n<\/figure>\n","protected":false},"excerpt":{"rendered":"<p>\u201eOd dzi\u015b takie przyrzeczenie mamy\u2026\u201d \u2013 tak brzmia\u0142 pocz\u0105tek \u015blubowania&nbsp;klasy 1c i klasy 2c w Szkole Podstawowej Nr 2 w Szczecinie. Na te \u015bwi\u0119to nauczycielki z Programu Edukacji Morskiej, przygotowa\u0142y bogaty repertuar artystyczny dla zaproszonych go\u015bci i uczni\u00f3w. \u015alubowanie poprowadzi\u0142y uczennice klasy 4b \u2013 Marcelina Pietrzykowska, Maja Rybus, Hania Stachowska, Pola Tygielska i Maja Grzyb. [&hellip;]<\/p>\n","protected":false},"author":1,"featured_media":8505,"comment_status":"open","ping_status":"open","sticky":false,"template":"","format":"standard","meta":{"_exactmetrics_skip_tracking":false,"_exactmetrics_sitenote_active":false,"_exactmetrics_sitenote_note":"","_exactmetrics_sitenote_category":0},"categories":[1],"tags":[],"_links":{"self":[{"href":"https:\/\/zso4.szczecin.pl\/podstawowka\/wp-json\/wp\/v2\/posts\/8504"}],"collection":[{"href":"https:\/\/zso4.szczecin.pl\/podstawowka\/wp-json\/wp\/v2\/posts"}],"about":[{"href":"https:\/\/zso4.szczecin.pl\/podstawowka\/wp-json\/wp\/v2\/types\/post"}],"author":[{"embeddable":true,"href":"https:\/\/zso4.szczecin.pl\/podstawowka\/wp-json\/wp\/v2\/users\/1"}],"replies":[{"embeddable":true,"href":"https:\/\/zso4.szczecin.pl\/podstawowka\/wp-json\/wp\/v2\/comments?post=8504"}],"version-history":[{"count":1,"href":"https:\/\/zso4.szczecin.pl\/podstawowka\/wp-json\/wp\/v2\/posts\/8504\/revisions"}],"predecessor-version":[{"id":8508,"href":"https:\/\/zso4.szczecin.pl\/podstawowka\/wp-json\/wp\/v2\/posts\/8504\/revisions\/8508"}],"wp:featuredmedia":[{"embeddable":true,"href":"https:\/\/zso4.szczecin.pl\/podstawowka\/wp-json\/wp\/v2\/media\/8505"}],"wp:attachment":[{"href":"https:\/\/zso4.szczecin.pl\/podstawowka\/wp-json\/wp\/v2\/media?parent=8504"}],"wp:term":[{"taxonomy":"category","embeddable":true,"href":"https:\/\/zso4.szczecin.pl\/podstawowka\/wp-json\/wp\/v2\/categories?post=8504"},{"taxonomy":"post_tag","embeddable":true,"href":"https:\/\/zso4.szczecin.pl\/podstawowka\/wp-json\/wp\/v2\/tags?post=8504"}],"curies":[{"name":"wp","href":"https:\/\/api.w.org\/{rel}","templated":true}]}}