{"id":8090,"date":"2024-10-31T11:33:12","date_gmt":"2024-10-31T10:33:12","guid":{"rendered":"https:\/\/zso4.szczecin.pl\/podstawowka\/?p=8090"},"modified":"2024-10-31T11:44:25","modified_gmt":"2024-10-31T10:44:25","slug":"tym-kolorowym-akcentem-uczniowie-naszej-szkoly-klas-4-8-zegnaja-pazdziernik","status":"publish","type":"post","link":"https:\/\/zso4.szczecin.pl\/podstawowka\/2024\/10\/31\/tym-kolorowym-akcentem-uczniowie-naszej-szkoly-klas-4-8-zegnaja-pazdziernik\/","title":{"rendered":"Tym kolorowym akcentem uczniowie naszej szko\u0142y klas 4-8 \u017cegnaj\u0105 pa\u017adziernik!"},"content":{"rendered":"\n<p>KOLORY JESIENI .<br>Samorz\u0105d uczniowski zorganizowa\u0142 zabaw\u0119 &#8222;Nie sam\u0105 nauk\u0105 \u017cyje cz\u0142owiek&#8221;.<br>Z tej okazji ch\u0119tni uczniowie przyszli ubrani w jesienne kolory. Oto kilka zdj\u0119\u0107 z tego dnia.<\/p>\n\n\n\n<figure class=\"wp-container-2 wp-block-gallery-1 wp-block-gallery has-nested-images columns-default is-cropped\">\n<figure class=\"wp-block-image size-large\"><img loading=\"lazy\" width=\"2560\" height=\"1928\" data-id=\"8091\"  src=\"https:\/\/zso4.szczecin.pl\/podstawowka\/wp-content\/uploads\/sites\/3\/2024\/10\/Uczniowie-ubrani-w-kolorach-jesieni-1-scaled.jpg\" alt=\"Uczniowie ubrani w kolorach jesieni (1)\" class=\"wp-image-8091\" srcset=\"https:\/\/zso4.szczecin.pl\/podstawowka\/wp-content\/uploads\/sites\/3\/2024\/10\/Uczniowie-ubrani-w-kolorach-jesieni-1-scaled.jpg 2560w, https:\/\/zso4.szczecin.pl\/podstawowka\/wp-content\/uploads\/sites\/3\/2024\/10\/Uczniowie-ubrani-w-kolorach-jesieni-1-300x226.jpg 300w, https:\/\/zso4.szczecin.pl\/podstawowka\/wp-content\/uploads\/sites\/3\/2024\/10\/Uczniowie-ubrani-w-kolorach-jesieni-1-1024x771.jpg 1024w, https:\/\/zso4.szczecin.pl\/podstawowka\/wp-content\/uploads\/sites\/3\/2024\/10\/Uczniowie-ubrani-w-kolorach-jesieni-1-768x578.jpg 768w, https:\/\/zso4.szczecin.pl\/podstawowka\/wp-content\/uploads\/sites\/3\/2024\/10\/Uczniowie-ubrani-w-kolorach-jesieni-1-1536x1157.jpg 1536w, https:\/\/zso4.szczecin.pl\/podstawowka\/wp-content\/uploads\/sites\/3\/2024\/10\/Uczniowie-ubrani-w-kolorach-jesieni-1-2048x1542.jpg 2048w\" sizes=\"(max-width: 2560px) 100vw, 2560px\" \/><figcaption>Uczniowie ubrani w kolorach jesieni (1)<\/figcaption><\/figure>\n\n\n\n<figure class=\"wp-block-image size-large\"><img loading=\"lazy\" width=\"2560\" height=\"1928\" data-id=\"8092\"  src=\"https:\/\/zso4.szczecin.pl\/podstawowka\/wp-content\/uploads\/sites\/3\/2024\/10\/Uczniowie-ubrani-w-kolorach-jesieni-2-scaled.jpg\" alt=\"Uczniowie ubrani w kolorach jesieni (2)\" class=\"wp-image-8092\" srcset=\"https:\/\/zso4.szczecin.pl\/podstawowka\/wp-content\/uploads\/sites\/3\/2024\/10\/Uczniowie-ubrani-w-kolorach-jesieni-2-scaled.jpg 2560w, https:\/\/zso4.szczecin.pl\/podstawowka\/wp-content\/uploads\/sites\/3\/2024\/10\/Uczniowie-ubrani-w-kolorach-jesieni-2-300x226.jpg 300w, https:\/\/zso4.szczecin.pl\/podstawowka\/wp-content\/uploads\/sites\/3\/2024\/10\/Uczniowie-ubrani-w-kolorach-jesieni-2-1024x771.jpg 1024w, https:\/\/zso4.szczecin.pl\/podstawowka\/wp-content\/uploads\/sites\/3\/2024\/10\/Uczniowie-ubrani-w-kolorach-jesieni-2-768x578.jpg 768w, https:\/\/zso4.szczecin.pl\/podstawowka\/wp-content\/uploads\/sites\/3\/2024\/10\/Uczniowie-ubrani-w-kolorach-jesieni-2-1536x1157.jpg 1536w, https:\/\/zso4.szczecin.pl\/podstawowka\/wp-content\/uploads\/sites\/3\/2024\/10\/Uczniowie-ubrani-w-kolorach-jesieni-2-2048x1542.jpg 2048w\" sizes=\"(max-width: 2560px) 100vw, 2560px\" \/><figcaption>Uczniowie ubrani w kolorach jesieni (2)<\/figcaption><\/figure>\n\n\n\n<figure class=\"wp-block-image size-large\"><img loading=\"lazy\" width=\"1564\" height=\"1564\" data-id=\"8093\"  src=\"https:\/\/zso4.szczecin.pl\/podstawowka\/wp-content\/uploads\/sites\/3\/2024\/10\/Uczniowie-ubrani-w-kolorach-jesieni-3.jpg\" alt=\"Uczniowie ubrani w kolorach jesieni (3)\" class=\"wp-image-8093\" srcset=\"https:\/\/zso4.szczecin.pl\/podstawowka\/wp-content\/uploads\/sites\/3\/2024\/10\/Uczniowie-ubrani-w-kolorach-jesieni-3.jpg 1564w, https:\/\/zso4.szczecin.pl\/podstawowka\/wp-content\/uploads\/sites\/3\/2024\/10\/Uczniowie-ubrani-w-kolorach-jesieni-3-300x300.jpg 300w, https:\/\/zso4.szczecin.pl\/podstawowka\/wp-content\/uploads\/sites\/3\/2024\/10\/Uczniowie-ubrani-w-kolorach-jesieni-3-1024x1024.jpg 1024w, https:\/\/zso4.szczecin.pl\/podstawowka\/wp-content\/uploads\/sites\/3\/2024\/10\/Uczniowie-ubrani-w-kolorach-jesieni-3-150x150.jpg 150w, https:\/\/zso4.szczecin.pl\/podstawowka\/wp-content\/uploads\/sites\/3\/2024\/10\/Uczniowie-ubrani-w-kolorach-jesieni-3-768x768.jpg 768w, https:\/\/zso4.szczecin.pl\/podstawowka\/wp-content\/uploads\/sites\/3\/2024\/10\/Uczniowie-ubrani-w-kolorach-jesieni-3-1536x1536.jpg 1536w\" sizes=\"(max-width: 1564px) 100vw, 1564px\" \/><figcaption>Uczniowie ubrani w kolorach jesieni (3)<\/figcaption><\/figure>\n\n\n\n<figure class=\"wp-block-image size-large\"><img loading=\"lazy\" width=\"1065\" height=\"800\" data-id=\"8096\"  src=\"https:\/\/zso4.szczecin.pl\/podstawowka\/wp-content\/uploads\/sites\/3\/2024\/10\/Uczniowie-ubrani-w-kolorach-jesieni-4-2.jpg\" alt=\"Uczniowie ubrani w kolorach jesieni (4)\" class=\"wp-image-8096\" srcset=\"https:\/\/zso4.szczecin.pl\/podstawowka\/wp-content\/uploads\/sites\/3\/2024\/10\/Uczniowie-ubrani-w-kolorach-jesieni-4-2.jpg 1065w, https:\/\/zso4.szczecin.pl\/podstawowka\/wp-content\/uploads\/sites\/3\/2024\/10\/Uczniowie-ubrani-w-kolorach-jesieni-4-2-300x225.jpg 300w, https:\/\/zso4.szczecin.pl\/podstawowka\/wp-content\/uploads\/sites\/3\/2024\/10\/Uczniowie-ubrani-w-kolorach-jesieni-4-2-1024x769.jpg 1024w, https:\/\/zso4.szczecin.pl\/podstawowka\/wp-content\/uploads\/sites\/3\/2024\/10\/Uczniowie-ubrani-w-kolorach-jesieni-4-2-768x577.jpg 768w\" sizes=\"(max-width: 1065px) 100vw, 1065px\" \/><figcaption>Uczniowie ubrani w kolorach jesieni (4)<\/figcaption><\/figure>\n<\/figure>\n","protected":false},"excerpt":{"rendered":"<p>KOLORY JESIENI .Samorz\u0105d uczniowski zorganizowa\u0142 zabaw\u0119 &#8222;Nie sam\u0105 nauk\u0105 \u017cyje cz\u0142owiek&#8221;.Z tej okazji ch\u0119tni uczniowie przyszli ubrani w jesienne kolory. Oto kilka zdj\u0119\u0107 z tego dnia.<\/p>\n","protected":false},"author":1,"featured_media":8096,"comment_status":"open","ping_status":"open","sticky":false,"template":"","format":"standard","meta":{"_exactmetrics_skip_tracking":false,"_exactmetrics_sitenote_active":false,"_exactmetrics_sitenote_note":"","_exactmetrics_sitenote_category":0},"categories":[1],"tags":[],"_links":{"self":[{"href":"https:\/\/zso4.szczecin.pl\/podstawowka\/wp-json\/wp\/v2\/posts\/8090"}],"collection":[{"href":"https:\/\/zso4.szczecin.pl\/podstawowka\/wp-json\/wp\/v2\/posts"}],"about":[{"href":"https:\/\/zso4.szczecin.pl\/podstawowka\/wp-json\/wp\/v2\/types\/post"}],"author":[{"embeddable":true,"href":"https:\/\/zso4.szczecin.pl\/podstawowka\/wp-json\/wp\/v2\/users\/1"}],"replies":[{"embeddable":true,"href":"https:\/\/zso4.szczecin.pl\/podstawowka\/wp-json\/wp\/v2\/comments?post=8090"}],"version-history":[{"count":1,"href":"https:\/\/zso4.szczecin.pl\/podstawowka\/wp-json\/wp\/v2\/posts\/8090\/revisions"}],"predecessor-version":[{"id":8097,"href":"https:\/\/zso4.szczecin.pl\/podstawowka\/wp-json\/wp\/v2\/posts\/8090\/revisions\/8097"}],"wp:featuredmedia":[{"embeddable":true,"href":"https:\/\/zso4.szczecin.pl\/podstawowka\/wp-json\/wp\/v2\/media\/8096"}],"wp:attachment":[{"href":"https:\/\/zso4.szczecin.pl\/podstawowka\/wp-json\/wp\/v2\/media?parent=8090"}],"wp:term":[{"taxonomy":"category","embeddable":true,"href":"https:\/\/zso4.szczecin.pl\/podstawowka\/wp-json\/wp\/v2\/categories?post=8090"},{"taxonomy":"post_tag","embeddable":true,"href":"https:\/\/zso4.szczecin.pl\/podstawowka\/wp-json\/wp\/v2\/tags?post=8090"}],"curies":[{"name":"wp","href":"https:\/\/api.w.org\/{rel}","templated":true}]}}