{"id":7163,"date":"2023-12-03T22:36:20","date_gmt":"2023-12-03T21:36:20","guid":{"rendered":"http:\/\/zso4.szczecin.pl\/podstawowka\/?p=7163"},"modified":"2023-12-03T22:55:22","modified_gmt":"2023-12-03T21:55:22","slug":"uczniowie-tworzyli-dziela-sztuki-z-lisci-wydrukowanych-w-drukarce-3d","status":"publish","type":"post","link":"https:\/\/zso4.szczecin.pl\/podstawowka\/2023\/12\/03\/uczniowie-tworzyli-dziela-sztuki-z-lisci-wydrukowanych-w-drukarce-3d\/","title":{"rendered":"Uczniowie tworzyli dzie\u0142a sztuki z li\u015bci wydrukowanych w drukarce 3D"},"content":{"rendered":"<p style=\"background: white; margin: 18.0pt 0cm 18.0pt 0cm;\"><span style=\"font-family: 'Arial',sans-serif; color: #1f1f1f;\">W ramach Laboratorium przysz\u0142o\u015bci, uczniowie klasy 4-5 mieli okazj\u0119 wzi\u0105\u0107 udzia\u0142 w nietypowych zaj\u0119ciach plastycznych. Wykorzystywali oni li\u015bcie wydrukowane w drukarce 3D, aby stworzy\u0107 oryginalne dzie\u0142a sztuki.<\/span><\/p>\n<p style=\"background: white; white-space: pre-wrap; word-break: break-word; font-variant-ligatures: normal; font-variant-caps: normal; orphans: 2; text-align: start; widows: 2; -webkit-text-stroke-width: 0px; text-decoration-thickness: initial; text-decoration-style: initial; text-decoration-color: initial; word-spacing: 0px; margin: 18.0pt 0cm 18.0pt 0cm;\" data-sourcepos=\"5:1-5:260\"><span style=\"font-family: 'Arial',sans-serif; color: #1f1f1f;\">Zaj\u0119cia rozpocz\u0119\u0142y si\u0119 od zapoznania uczni\u00f3w z technologi\u0105 druku 3D. Gdy li\u015bcie by\u0142y gotowe, uczniowie przyst\u0105pili do ich dekorowania. Wykorzystywali do tego r\u00f3\u017cnego rodzaju materia\u0142y, takie jak farby, kredki, pastele czy pi\u00f3ra. Niekt\u00f3rzy uczniowie stworzyli abstrakcyjne obrazy, a inni postanowili przedstawi\u0107 na li\u015bciach konkretne przedmioty lub postacie.<\/span><\/p>\n<p style=\"background: white; white-space: pre-wrap; word-break: break-word; font-variant-ligatures: normal; font-variant-caps: normal; orphans: 2; text-align: start; widows: 2; -webkit-text-stroke-width: 0px; text-decoration-thickness: initial; text-decoration-style: initial; text-decoration-color: initial; word-spacing: 0px; margin: 18.0pt 0cm 18.0pt 0cm;\" data-sourcepos=\"9:1-9:164\"><span style=\"font-family: 'Arial',sans-serif; color: #1f1f1f;\">Prace uczni\u00f3w by\u0142y bardzo r\u00f3\u017cnorodne i pomys\u0142owe. Niekt\u00f3re z nich by\u0142y realistyczne, a inne bardziej abstrakcyjne. Wszystkie jednak zdumiewa\u0142y swoj\u0105 oryginalno\u015bci\u0105.<\/span><\/p>\n<p style=\"background: white; white-space: pre-wrap; word-break: break-word; font-variant-ligatures: normal; font-variant-caps: normal; orphans: 2; text-align: start; widows: 2; -webkit-text-stroke-width: 0px; text-decoration-thickness: initial; text-decoration-style: initial; text-decoration-color: initial; word-spacing: 0px; margin: 18.0pt 0cm 18.0pt 0cm;\" data-sourcepos=\"11:1-11:137\"><span style=\"font-family: 'Arial',sans-serif; color: #1f1f1f;\">Uczniowie byli bardzo zadowoleni z zaj\u0119\u0107. Uwa\u017caj\u0105, \u017ce by\u0142o to bardzo ciekawe do\u015bwiadczenie, kt\u00f3re pozwoli\u0142o im naby\u0107 nowych umiej\u0119tno\u015bci.<\/span><\/p>\n<blockquote>\n<p style=\"background: white; white-space: pre-wrap; word-break: break-word; font-variant-ligatures: normal; font-variant-caps: normal; orphans: 2; text-align: start; widows: 2; -webkit-text-stroke-width: 0px; text-decoration-thickness: initial; text-decoration-style: initial; text-decoration-color: initial; word-spacing: 0px; margin: 18.0pt 0cm 18.0pt 0cm;\" data-sourcepos=\"13:1-13:28\"><strong><span style=\"font-family: Arial, sans-serif; color: #1f1f1f;\">Laboratorium przysz\u0142o\u015bci<\/span><\/strong><\/p>\n<p style=\"background: white; white-space: pre-wrap; word-break: break-word; font-variant-ligatures: normal; font-variant-caps: normal; orphans: 2; text-align: start; widows: 2; -webkit-text-stroke-width: 0px; text-decoration-thickness: initial; text-decoration-style: initial; text-decoration-color: initial; word-spacing: 0px; margin: 18.0pt 0cm 18.0pt 0cm;\" data-sourcepos=\"15:1-15:281\"><span style=\"font-family: 'Arial',sans-serif; color: #1f1f1f;\">Laboratorium przysz\u0142o\u015bci to projekt edukacyjny, kt\u00f3rego celem jest rozwijanie kreatywno\u015bci i umiej\u0119tno\u015bci technicznych uczni\u00f3w. W ramach projektu uczniowie maj\u0105 okazj\u0119 uczestniczy\u0107 w zaj\u0119ciach z r\u00f3\u017cnych dziedzin, takich jak robotyka, programowanie, druk 3D czy grafika komputerowa.<\/span><\/p>\n<\/blockquote>\n\n\t\t<style type=\"text\/css\">\n\t\t\t#gallery-1 {\n\t\t\t\tmargin: auto;\n\t\t\t}\n\t\t\t#gallery-1 .gallery-item {\n\t\t\t\tfloat: left;\n\t\t\t\tmargin-top: 10px;\n\t\t\t\ttext-align: center;\n\t\t\t\twidth: 50%;\n\t\t\t}\n\t\t\t#gallery-1 img {\n\t\t\t\tborder: 2px solid #cfcfcf;\n\t\t\t}\n\t\t\t#gallery-1 .gallery-caption {\n\t\t\t\tmargin-left: 0;\n\t\t\t}\n\t\t\t\/* see gallery_shortcode() in wp-includes\/media.php *\/\n\t\t<\/style>\n\t\t<div id='gallery-1' class='gallery galleryid-7163 gallery-columns-2 gallery-size-large'><dl class='gallery-item'>\n\t\t\t<dt class='gallery-icon portrait'>\n\t\t\t\t<a class=\"grouped_elements\" rel=\"tc-fancybox-group\" href=\"https:\/\/zso4.szczecin.pl\/podstawowka\/wp-content\/uploads\/sites\/3\/2023\/12\/IMG20231123111446-scaled.jpg\" title=\"IMG20231123111446\"><img width=\"771\" height=\"1024\" src=\"https:\/\/zso4.szczecin.pl\/podstawowka\/wp-content\/uploads\/sites\/3\/2023\/12\/IMG20231123111446-771x1024.jpg\" class=\"attachment-large size-large\" alt=\"\" loading=\"lazy\" srcset=\"https:\/\/zso4.szczecin.pl\/podstawowka\/wp-content\/uploads\/sites\/3\/2023\/12\/IMG20231123111446-771x1024.jpg 771w, https:\/\/zso4.szczecin.pl\/podstawowka\/wp-content\/uploads\/sites\/3\/2023\/12\/IMG20231123111446-226x300.jpg 226w, https:\/\/zso4.szczecin.pl\/podstawowka\/wp-content\/uploads\/sites\/3\/2023\/12\/IMG20231123111446-768x1020.jpg 768w, https:\/\/zso4.szczecin.pl\/podstawowka\/wp-content\/uploads\/sites\/3\/2023\/12\/IMG20231123111446-1157x1536.jpg 1157w, https:\/\/zso4.szczecin.pl\/podstawowka\/wp-content\/uploads\/sites\/3\/2023\/12\/IMG20231123111446-1542x2048.jpg 1542w, https:\/\/zso4.szczecin.pl\/podstawowka\/wp-content\/uploads\/sites\/3\/2023\/12\/IMG20231123111446-scaled.jpg 1928w\" sizes=\"(max-width: 771px) 100vw, 771px\" \/><\/a>\n\t\t\t<\/dt><\/dl><dl class='gallery-item'>\n\t\t\t<dt class='gallery-icon portrait'>\n\t\t\t\t<a class=\"grouped_elements\" rel=\"tc-fancybox-group\" href=\"https:\/\/zso4.szczecin.pl\/podstawowka\/wp-content\/uploads\/sites\/3\/2023\/12\/IMG20231123111451-scaled.jpg\" title=\"IMG20231123111451\"><img width=\"771\" height=\"1024\" src=\"https:\/\/zso4.szczecin.pl\/podstawowka\/wp-content\/uploads\/sites\/3\/2023\/12\/IMG20231123111451-771x1024.jpg\" class=\"attachment-large size-large\" alt=\"\" loading=\"lazy\" srcset=\"https:\/\/zso4.szczecin.pl\/podstawowka\/wp-content\/uploads\/sites\/3\/2023\/12\/IMG20231123111451-771x1024.jpg 771w, https:\/\/zso4.szczecin.pl\/podstawowka\/wp-content\/uploads\/sites\/3\/2023\/12\/IMG20231123111451-226x300.jpg 226w, https:\/\/zso4.szczecin.pl\/podstawowka\/wp-content\/uploads\/sites\/3\/2023\/12\/IMG20231123111451-768x1020.jpg 768w, https:\/\/zso4.szczecin.pl\/podstawowka\/wp-content\/uploads\/sites\/3\/2023\/12\/IMG20231123111451-1157x1536.jpg 1157w, https:\/\/zso4.szczecin.pl\/podstawowka\/wp-content\/uploads\/sites\/3\/2023\/12\/IMG20231123111451-1542x2048.jpg 1542w, https:\/\/zso4.szczecin.pl\/podstawowka\/wp-content\/uploads\/sites\/3\/2023\/12\/IMG20231123111451-scaled.jpg 1928w\" sizes=\"(max-width: 771px) 100vw, 771px\" \/><\/a>\n\t\t\t<\/dt><\/dl><br style=\"clear: both\" \/><dl class='gallery-item'>\n\t\t\t<dt class='gallery-icon portrait'>\n\t\t\t\t<a class=\"grouped_elements\" rel=\"tc-fancybox-group\" href=\"https:\/\/zso4.szczecin.pl\/podstawowka\/wp-content\/uploads\/sites\/3\/2023\/12\/IMG20231123111532-scaled.jpg\" title=\"IMG20231123111532\"><img width=\"771\" height=\"1024\" src=\"https:\/\/zso4.szczecin.pl\/podstawowka\/wp-content\/uploads\/sites\/3\/2023\/12\/IMG20231123111532-771x1024.jpg\" class=\"attachment-large size-large\" alt=\"\" loading=\"lazy\" srcset=\"https:\/\/zso4.szczecin.pl\/podstawowka\/wp-content\/uploads\/sites\/3\/2023\/12\/IMG20231123111532-771x1024.jpg 771w, https:\/\/zso4.szczecin.pl\/podstawowka\/wp-content\/uploads\/sites\/3\/2023\/12\/IMG20231123111532-226x300.jpg 226w, https:\/\/zso4.szczecin.pl\/podstawowka\/wp-content\/uploads\/sites\/3\/2023\/12\/IMG20231123111532-768x1020.jpg 768w, https:\/\/zso4.szczecin.pl\/podstawowka\/wp-content\/uploads\/sites\/3\/2023\/12\/IMG20231123111532-1157x1536.jpg 1157w, https:\/\/zso4.szczecin.pl\/podstawowka\/wp-content\/uploads\/sites\/3\/2023\/12\/IMG20231123111532-1542x2048.jpg 1542w, https:\/\/zso4.szczecin.pl\/podstawowka\/wp-content\/uploads\/sites\/3\/2023\/12\/IMG20231123111532-scaled.jpg 1928w\" sizes=\"(max-width: 771px) 100vw, 771px\" \/><\/a>\n\t\t\t<\/dt><\/dl><dl class='gallery-item'>\n\t\t\t<dt class='gallery-icon portrait'>\n\t\t\t\t<a class=\"grouped_elements\" rel=\"tc-fancybox-group\" href=\"https:\/\/zso4.szczecin.pl\/podstawowka\/wp-content\/uploads\/sites\/3\/2023\/12\/IMG20231123111541-scaled.jpg\" title=\"IMG20231123111541\"><img width=\"771\" height=\"1024\" src=\"https:\/\/zso4.szczecin.pl\/podstawowka\/wp-content\/uploads\/sites\/3\/2023\/12\/IMG20231123111541-771x1024.jpg\" class=\"attachment-large size-large\" alt=\"\" loading=\"lazy\" srcset=\"https:\/\/zso4.szczecin.pl\/podstawowka\/wp-content\/uploads\/sites\/3\/2023\/12\/IMG20231123111541-771x1024.jpg 771w, https:\/\/zso4.szczecin.pl\/podstawowka\/wp-content\/uploads\/sites\/3\/2023\/12\/IMG20231123111541-226x300.jpg 226w, https:\/\/zso4.szczecin.pl\/podstawowka\/wp-content\/uploads\/sites\/3\/2023\/12\/IMG20231123111541-768x1020.jpg 768w, https:\/\/zso4.szczecin.pl\/podstawowka\/wp-content\/uploads\/sites\/3\/2023\/12\/IMG20231123111541-1157x1536.jpg 1157w, https:\/\/zso4.szczecin.pl\/podstawowka\/wp-content\/uploads\/sites\/3\/2023\/12\/IMG20231123111541-1542x2048.jpg 1542w, https:\/\/zso4.szczecin.pl\/podstawowka\/wp-content\/uploads\/sites\/3\/2023\/12\/IMG20231123111541-scaled.jpg 1928w\" sizes=\"(max-width: 771px) 100vw, 771px\" \/><\/a>\n\t\t\t<\/dt><\/dl><br style=\"clear: both\" \/><dl class='gallery-item'>\n\t\t\t<dt class='gallery-icon portrait'>\n\t\t\t\t<a class=\"grouped_elements\" rel=\"tc-fancybox-group\" href=\"https:\/\/zso4.szczecin.pl\/podstawowka\/wp-content\/uploads\/sites\/3\/2023\/12\/IMG20231123111746-scaled.jpg\" title=\"IMG20231123111746\"><img width=\"771\" height=\"1024\" src=\"https:\/\/zso4.szczecin.pl\/podstawowka\/wp-content\/uploads\/sites\/3\/2023\/12\/IMG20231123111746-771x1024.jpg\" class=\"attachment-large size-large\" alt=\"\" loading=\"lazy\" srcset=\"https:\/\/zso4.szczecin.pl\/podstawowka\/wp-content\/uploads\/sites\/3\/2023\/12\/IMG20231123111746-771x1024.jpg 771w, https:\/\/zso4.szczecin.pl\/podstawowka\/wp-content\/uploads\/sites\/3\/2023\/12\/IMG20231123111746-226x300.jpg 226w, https:\/\/zso4.szczecin.pl\/podstawowka\/wp-content\/uploads\/sites\/3\/2023\/12\/IMG20231123111746-768x1020.jpg 768w, https:\/\/zso4.szczecin.pl\/podstawowka\/wp-content\/uploads\/sites\/3\/2023\/12\/IMG20231123111746-1157x1536.jpg 1157w, https:\/\/zso4.szczecin.pl\/podstawowka\/wp-content\/uploads\/sites\/3\/2023\/12\/IMG20231123111746-1542x2048.jpg 1542w, https:\/\/zso4.szczecin.pl\/podstawowka\/wp-content\/uploads\/sites\/3\/2023\/12\/IMG20231123111746-scaled.jpg 1928w\" sizes=\"(max-width: 771px) 100vw, 771px\" \/><\/a>\n\t\t\t<\/dt><\/dl><dl class='gallery-item'>\n\t\t\t<dt class='gallery-icon portrait'>\n\t\t\t\t<a class=\"grouped_elements\" rel=\"tc-fancybox-group\" href=\"https:\/\/zso4.szczecin.pl\/podstawowka\/wp-content\/uploads\/sites\/3\/2023\/12\/IMG20231123111432-scaled.jpg\" title=\"IMG20231123111432\"><img width=\"771\" height=\"1024\" src=\"https:\/\/zso4.szczecin.pl\/podstawowka\/wp-content\/uploads\/sites\/3\/2023\/12\/IMG20231123111432-771x1024.jpg\" class=\"attachment-large size-large\" alt=\"\" loading=\"lazy\" srcset=\"https:\/\/zso4.szczecin.pl\/podstawowka\/wp-content\/uploads\/sites\/3\/2023\/12\/IMG20231123111432-771x1024.jpg 771w, https:\/\/zso4.szczecin.pl\/podstawowka\/wp-content\/uploads\/sites\/3\/2023\/12\/IMG20231123111432-226x300.jpg 226w, https:\/\/zso4.szczecin.pl\/podstawowka\/wp-content\/uploads\/sites\/3\/2023\/12\/IMG20231123111432-768x1020.jpg 768w, https:\/\/zso4.szczecin.pl\/podstawowka\/wp-content\/uploads\/sites\/3\/2023\/12\/IMG20231123111432-1157x1536.jpg 1157w, https:\/\/zso4.szczecin.pl\/podstawowka\/wp-content\/uploads\/sites\/3\/2023\/12\/IMG20231123111432-1542x2048.jpg 1542w, https:\/\/zso4.szczecin.pl\/podstawowka\/wp-content\/uploads\/sites\/3\/2023\/12\/IMG20231123111432-scaled.jpg 1928w\" sizes=\"(max-width: 771px) 100vw, 771px\" \/><\/a>\n\t\t\t<\/dt><\/dl><br style=\"clear: both\" \/>\n\t\t<\/div>\n\n","protected":false},"excerpt":{"rendered":"<p>W ramach Laboratorium przysz\u0142o\u015bci, uczniowie klasy 4-5 mieli okazj\u0119 wzi\u0105\u0107 udzia\u0142 w nietypowych zaj\u0119ciach plastycznych. Wykorzystywali oni li\u015bcie wydrukowane w drukarce 3D, aby stworzy\u0107 oryginalne dzie\u0142a sztuki. Zaj\u0119cia rozpocz\u0119\u0142y si\u0119 od zapoznania uczni\u00f3w z technologi\u0105 druku 3D. Gdy li\u015bcie by\u0142y gotowe, uczniowie przyst\u0105pili do ich dekorowania. Wykorzystywali do tego r\u00f3\u017cnego rodzaju materia\u0142y, takie jak farby, [&hellip;]<\/p>\n","protected":false},"author":1,"featured_media":7166,"comment_status":"open","ping_status":"open","sticky":false,"template":"","format":"standard","meta":{"_exactmetrics_skip_tracking":false,"_exactmetrics_sitenote_active":false,"_exactmetrics_sitenote_note":"","_exactmetrics_sitenote_category":0},"categories":[1],"tags":[],"_links":{"self":[{"href":"https:\/\/zso4.szczecin.pl\/podstawowka\/wp-json\/wp\/v2\/posts\/7163"}],"collection":[{"href":"https:\/\/zso4.szczecin.pl\/podstawowka\/wp-json\/wp\/v2\/posts"}],"about":[{"href":"https:\/\/zso4.szczecin.pl\/podstawowka\/wp-json\/wp\/v2\/types\/post"}],"author":[{"embeddable":true,"href":"https:\/\/zso4.szczecin.pl\/podstawowka\/wp-json\/wp\/v2\/users\/1"}],"replies":[{"embeddable":true,"href":"https:\/\/zso4.szczecin.pl\/podstawowka\/wp-json\/wp\/v2\/comments?post=7163"}],"version-history":[{"count":1,"href":"https:\/\/zso4.szczecin.pl\/podstawowka\/wp-json\/wp\/v2\/posts\/7163\/revisions"}],"predecessor-version":[{"id":7170,"href":"https:\/\/zso4.szczecin.pl\/podstawowka\/wp-json\/wp\/v2\/posts\/7163\/revisions\/7170"}],"wp:featuredmedia":[{"embeddable":true,"href":"https:\/\/zso4.szczecin.pl\/podstawowka\/wp-json\/wp\/v2\/media\/7166"}],"wp:attachment":[{"href":"https:\/\/zso4.szczecin.pl\/podstawowka\/wp-json\/wp\/v2\/media?parent=7163"}],"wp:term":[{"taxonomy":"category","embeddable":true,"href":"https:\/\/zso4.szczecin.pl\/podstawowka\/wp-json\/wp\/v2\/categories?post=7163"},{"taxonomy":"post_tag","embeddable":true,"href":"https:\/\/zso4.szczecin.pl\/podstawowka\/wp-json\/wp\/v2\/tags?post=7163"}],"curies":[{"name":"wp","href":"https:\/\/api.w.org\/{rel}","templated":true}]}}