{"id":7023,"date":"2023-11-13T22:28:14","date_gmt":"2023-11-13T21:28:14","guid":{"rendered":"http:\/\/zso4.szczecin.pl\/podstawowka\/?p=7023"},"modified":"2023-11-13T22:31:03","modified_gmt":"2023-11-13T21:31:03","slug":"warsztaty-rzezbiarskie","status":"publish","type":"post","link":"https:\/\/zso4.szczecin.pl\/podstawowka\/2023\/11\/13\/warsztaty-rzezbiarskie\/","title":{"rendered":"Warsztaty rze\u017abiarskie"},"content":{"rendered":"<p>Uczniowie kl.2b odwiedzili Fajn\u0105 Pracowni\u0119 przy ul. Szerokiej. \u00a0Na zaj\u0119ciach \u00a0poznawali podstawowe techniki rze\u017aby w glinie i mydle. Podczas warsztat\u00f3w uczyli si\u0119 przestrzennego modelowania i zabawy faktur\u0105.<\/p>\n\n\t\t<style type=\"text\/css\">\n\t\t\t#gallery-1 {\n\t\t\t\tmargin: auto;\n\t\t\t}\n\t\t\t#gallery-1 .gallery-item {\n\t\t\t\tfloat: left;\n\t\t\t\tmargin-top: 10px;\n\t\t\t\ttext-align: center;\n\t\t\t\twidth: 50%;\n\t\t\t}\n\t\t\t#gallery-1 img {\n\t\t\t\tborder: 2px solid #cfcfcf;\n\t\t\t}\n\t\t\t#gallery-1 .gallery-caption {\n\t\t\t\tmargin-left: 0;\n\t\t\t}\n\t\t\t\/* see gallery_shortcode() in wp-includes\/media.php *\/\n\t\t<\/style>\n\t\t<div id='gallery-1' class='gallery galleryid-7023 gallery-columns-2 gallery-size-large'><dl class='gallery-item'>\n\t\t\t<dt class='gallery-icon landscape'>\n\t\t\t\t<a class=\"grouped_elements\" rel=\"tc-fancybox-group\" href=\"https:\/\/zso4.szczecin.pl\/podstawowka\/wp-content\/uploads\/sites\/3\/2023\/11\/1.png\" title=\"1\"><img width=\"1024\" height=\"819\" src=\"https:\/\/zso4.szczecin.pl\/podstawowka\/wp-content\/uploads\/sites\/3\/2023\/11\/1-1024x819.png\" class=\"attachment-large size-large\" alt=\"\" loading=\"lazy\" srcset=\"https:\/\/zso4.szczecin.pl\/podstawowka\/wp-content\/uploads\/sites\/3\/2023\/11\/1-1024x819.png 1024w, https:\/\/zso4.szczecin.pl\/podstawowka\/wp-content\/uploads\/sites\/3\/2023\/11\/1-300x240.png 300w, https:\/\/zso4.szczecin.pl\/podstawowka\/wp-content\/uploads\/sites\/3\/2023\/11\/1-768x614.png 768w, https:\/\/zso4.szczecin.pl\/podstawowka\/wp-content\/uploads\/sites\/3\/2023\/11\/1-1536x1229.png 1536w, https:\/\/zso4.szczecin.pl\/podstawowka\/wp-content\/uploads\/sites\/3\/2023\/11\/1.png 2000w\" sizes=\"(max-width: 1024px) 100vw, 1024px\" \/><\/a>\n\t\t\t<\/dt><\/dl><dl class='gallery-item'>\n\t\t\t<dt class='gallery-icon portrait'>\n\t\t\t\t<a class=\"grouped_elements\" rel=\"tc-fancybox-group\" href=\"https:\/\/zso4.szczecin.pl\/podstawowka\/wp-content\/uploads\/sites\/3\/2023\/11\/2.jpg\" title=\"hdrpl\"><img width=\"782\" height=\"1024\" src=\"https:\/\/zso4.szczecin.pl\/podstawowka\/wp-content\/uploads\/sites\/3\/2023\/11\/2-782x1024.jpg\" class=\"attachment-large size-large\" alt=\"\" loading=\"lazy\" srcset=\"https:\/\/zso4.szczecin.pl\/podstawowka\/wp-content\/uploads\/sites\/3\/2023\/11\/2-782x1024.jpg 782w, https:\/\/zso4.szczecin.pl\/podstawowka\/wp-content\/uploads\/sites\/3\/2023\/11\/2-229x300.jpg 229w, https:\/\/zso4.szczecin.pl\/podstawowka\/wp-content\/uploads\/sites\/3\/2023\/11\/2-768x1006.jpg 768w, https:\/\/zso4.szczecin.pl\/podstawowka\/wp-content\/uploads\/sites\/3\/2023\/11\/2-1173x1536.jpg 1173w, https:\/\/zso4.szczecin.pl\/podstawowka\/wp-content\/uploads\/sites\/3\/2023\/11\/2.jpg 1368w\" sizes=\"(max-width: 782px) 100vw, 782px\" \/><\/a>\n\t\t\t<\/dt>\n\t\t\t\t<dd class='wp-caption-text gallery-caption' id='gallery-1-7025'>\n\t\t\t\thdrpl\n\t\t\t\t<\/dd><\/dl><br style=\"clear: both\" \/><dl class='gallery-item'>\n\t\t\t<dt class='gallery-icon portrait'>\n\t\t\t\t<a class=\"grouped_elements\" rel=\"tc-fancybox-group\" href=\"https:\/\/zso4.szczecin.pl\/podstawowka\/wp-content\/uploads\/sites\/3\/2023\/11\/3.jpg\" title=\"3\"><img width=\"683\" height=\"1024\" src=\"https:\/\/zso4.szczecin.pl\/podstawowka\/wp-content\/uploads\/sites\/3\/2023\/11\/3-683x1024.jpg\" class=\"attachment-large size-large\" alt=\"\" loading=\"lazy\" srcset=\"https:\/\/zso4.szczecin.pl\/podstawowka\/wp-content\/uploads\/sites\/3\/2023\/11\/3-683x1024.jpg 683w, https:\/\/zso4.szczecin.pl\/podstawowka\/wp-content\/uploads\/sites\/3\/2023\/11\/3-200x300.jpg 200w, https:\/\/zso4.szczecin.pl\/podstawowka\/wp-content\/uploads\/sites\/3\/2023\/11\/3-768x1152.jpg 768w, https:\/\/zso4.szczecin.pl\/podstawowka\/wp-content\/uploads\/sites\/3\/2023\/11\/3-1024x1536.jpg 1024w, https:\/\/zso4.szczecin.pl\/podstawowka\/wp-content\/uploads\/sites\/3\/2023\/11\/3.jpg 1200w\" sizes=\"(max-width: 683px) 100vw, 683px\" \/><\/a>\n\t\t\t<\/dt><\/dl><dl class='gallery-item'>\n\t\t\t<dt class='gallery-icon portrait'>\n\t\t\t\t<a class=\"grouped_elements\" rel=\"tc-fancybox-group\" href=\"https:\/\/zso4.szczecin.pl\/podstawowka\/wp-content\/uploads\/sites\/3\/2023\/11\/4.jpg\" title=\"hdrpl\"><img width=\"768\" height=\"1024\" src=\"https:\/\/zso4.szczecin.pl\/podstawowka\/wp-content\/uploads\/sites\/3\/2023\/11\/4-768x1024.jpg\" class=\"attachment-large size-large\" alt=\"\" loading=\"lazy\" srcset=\"https:\/\/zso4.szczecin.pl\/podstawowka\/wp-content\/uploads\/sites\/3\/2023\/11\/4-768x1024.jpg 768w, https:\/\/zso4.szczecin.pl\/podstawowka\/wp-content\/uploads\/sites\/3\/2023\/11\/4-225x300.jpg 225w, https:\/\/zso4.szczecin.pl\/podstawowka\/wp-content\/uploads\/sites\/3\/2023\/11\/4-1152x1536.jpg 1152w, https:\/\/zso4.szczecin.pl\/podstawowka\/wp-content\/uploads\/sites\/3\/2023\/11\/4.jpg 1505w\" sizes=\"(max-width: 768px) 100vw, 768px\" \/><\/a>\n\t\t\t<\/dt>\n\t\t\t\t<dd class='wp-caption-text gallery-caption' id='gallery-1-7027'>\n\t\t\t\thdrpl\n\t\t\t\t<\/dd><\/dl><br style=\"clear: both\" \/><dl class='gallery-item'>\n\t\t\t<dt class='gallery-icon portrait'>\n\t\t\t\t<a class=\"grouped_elements\" rel=\"tc-fancybox-group\" href=\"https:\/\/zso4.szczecin.pl\/podstawowka\/wp-content\/uploads\/sites\/3\/2023\/11\/5.jpg\" title=\"5\"><img width=\"683\" height=\"1024\" src=\"https:\/\/zso4.szczecin.pl\/podstawowka\/wp-content\/uploads\/sites\/3\/2023\/11\/5-683x1024.jpg\" class=\"attachment-large size-large\" alt=\"\" loading=\"lazy\" srcset=\"https:\/\/zso4.szczecin.pl\/podstawowka\/wp-content\/uploads\/sites\/3\/2023\/11\/5-683x1024.jpg 683w, https:\/\/zso4.szczecin.pl\/podstawowka\/wp-content\/uploads\/sites\/3\/2023\/11\/5-200x300.jpg 200w, https:\/\/zso4.szczecin.pl\/podstawowka\/wp-content\/uploads\/sites\/3\/2023\/11\/5-768x1152.jpg 768w, https:\/\/zso4.szczecin.pl\/podstawowka\/wp-content\/uploads\/sites\/3\/2023\/11\/5-1024x1536.jpg 1024w, https:\/\/zso4.szczecin.pl\/podstawowka\/wp-content\/uploads\/sites\/3\/2023\/11\/5-1365x2048.jpg 1365w, https:\/\/zso4.szczecin.pl\/podstawowka\/wp-content\/uploads\/sites\/3\/2023\/11\/5.jpg 1400w\" sizes=\"(max-width: 683px) 100vw, 683px\" \/><\/a>\n\t\t\t<\/dt><\/dl>\n\t\t\t<br style='clear: both' \/>\n\t\t<\/div>\n\n","protected":false},"excerpt":{"rendered":"<p>Uczniowie kl.2b odwiedzili Fajn\u0105 Pracowni\u0119 przy ul. Szerokiej. \u00a0Na zaj\u0119ciach \u00a0poznawali podstawowe techniki rze\u017aby w glinie i mydle. Podczas warsztat\u00f3w uczyli si\u0119 przestrzennego modelowania i zabawy faktur\u0105.<\/p>\n","protected":false},"author":1,"featured_media":7024,"comment_status":"open","ping_status":"open","sticky":false,"template":"","format":"standard","meta":{"_exactmetrics_skip_tracking":false,"_exactmetrics_sitenote_active":false,"_exactmetrics_sitenote_note":"","_exactmetrics_sitenote_category":0},"categories":[1],"tags":[],"_links":{"self":[{"href":"https:\/\/zso4.szczecin.pl\/podstawowka\/wp-json\/wp\/v2\/posts\/7023"}],"collection":[{"href":"https:\/\/zso4.szczecin.pl\/podstawowka\/wp-json\/wp\/v2\/posts"}],"about":[{"href":"https:\/\/zso4.szczecin.pl\/podstawowka\/wp-json\/wp\/v2\/types\/post"}],"author":[{"embeddable":true,"href":"https:\/\/zso4.szczecin.pl\/podstawowka\/wp-json\/wp\/v2\/users\/1"}],"replies":[{"embeddable":true,"href":"https:\/\/zso4.szczecin.pl\/podstawowka\/wp-json\/wp\/v2\/comments?post=7023"}],"version-history":[{"count":1,"href":"https:\/\/zso4.szczecin.pl\/podstawowka\/wp-json\/wp\/v2\/posts\/7023\/revisions"}],"predecessor-version":[{"id":7029,"href":"https:\/\/zso4.szczecin.pl\/podstawowka\/wp-json\/wp\/v2\/posts\/7023\/revisions\/7029"}],"wp:featuredmedia":[{"embeddable":true,"href":"https:\/\/zso4.szczecin.pl\/podstawowka\/wp-json\/wp\/v2\/media\/7024"}],"wp:attachment":[{"href":"https:\/\/zso4.szczecin.pl\/podstawowka\/wp-json\/wp\/v2\/media?parent=7023"}],"wp:term":[{"taxonomy":"category","embeddable":true,"href":"https:\/\/zso4.szczecin.pl\/podstawowka\/wp-json\/wp\/v2\/categories?post=7023"},{"taxonomy":"post_tag","embeddable":true,"href":"https:\/\/zso4.szczecin.pl\/podstawowka\/wp-json\/wp\/v2\/tags?post=7023"}],"curies":[{"name":"wp","href":"https:\/\/api.w.org\/{rel}","templated":true}]}}