{"id":6962,"date":"2023-11-05T20:36:51","date_gmt":"2023-11-05T19:36:51","guid":{"rendered":"http:\/\/zso4.szczecin.pl\/podstawowka\/?p=6962"},"modified":"2023-11-05T20:37:00","modified_gmt":"2023-11-05T19:37:00","slug":"wyjscie-do-biblioteki-kl-0","status":"publish","type":"post","link":"https:\/\/zso4.szczecin.pl\/podstawowka\/2023\/11\/05\/wyjscie-do-biblioteki-kl-0\/","title":{"rendered":"WYJ\u015aCIE DO BIBLIOTEKI &#8211; kl.0"},"content":{"rendered":"<p>24.10. klasa 0 uda\u0142a si\u0119 na wycieczk\u0119 do Filii nr 43 Miejskiej Biblioteki Publicznej w Szczecinie. Podczas spotkania dzieci mia\u0142y okazj\u0119 zapozna\u0107 si\u0119 z prac\u0105 bibliotekarza oraz procesem wypo\u017cyczania ksi\u0105\u017cek. Wyj\u015bcie do biblioteki zwi\u0105zane by\u0142o r\u00f3wnie\u017c z realizacj\u0105 jednego z zada\u0144 projektu &#8222;Pod\u0142\u0105cz ksi\u0105\u017ck\u0119&#8221;, w kt\u00f3rym kl. 0 w tym roku bierze udzia\u0142.<\/p>\n<p>Po powrocie do szko\u0142y dzieci wykona\u0142y kolejn\u0105 cz\u0119\u015b\u0107 zadania, jakim by\u0142o stworzenie grupowej biblioteki.<\/p>\n<p>Fotorelacje z kolejnych dzia\u0142a\u0144 realizowanych w ramach projektu &#8222;Pod\u0142\u0105cz ksi\u0105\u017ck\u0119&#8221; b\u0119dzie mo\u017cna znale\u017a\u0107 w jednej z zak\u0142adek na stronie naszej szko\u0142y.<\/p>\n<p>Mamy nadziej\u0119, \u017ce nasze dzia\u0142ania b\u0119d\u0105 inspiracj\u0105 i motywacj\u0105 dla wielu dzieci i rodzic\u00f3w do wsp\u00f3lnego sp\u0119dzania czasu przy ksi\u0105\u017cce. Bo jak powiedzia\u0142a kiedy\u015b Wis\u0142awa Szymborska &#8211; &#8222;Czytanie ksi\u0105\u017cek to najpi\u0119kniejsza zabawa, jak\u0105 sobie ludzko\u015b\u0107 wymy\u015bli\u0142a&#8221;.<\/p>\n\n\t\t<style type=\"text\/css\">\n\t\t\t#gallery-1 {\n\t\t\t\tmargin: auto;\n\t\t\t}\n\t\t\t#gallery-1 .gallery-item {\n\t\t\t\tfloat: left;\n\t\t\t\tmargin-top: 10px;\n\t\t\t\ttext-align: center;\n\t\t\t\twidth: 50%;\n\t\t\t}\n\t\t\t#gallery-1 img {\n\t\t\t\tborder: 2px solid #cfcfcf;\n\t\t\t}\n\t\t\t#gallery-1 .gallery-caption {\n\t\t\t\tmargin-left: 0;\n\t\t\t}\n\t\t\t\/* see gallery_shortcode() in wp-includes\/media.php *\/\n\t\t<\/style>\n\t\t<div id='gallery-1' class='gallery galleryid-6962 gallery-columns-2 gallery-size-large'><dl class='gallery-item'>\n\t\t\t<dt class='gallery-icon landscape'>\n\t\t\t\t<a class=\"grouped_elements\" rel=\"tc-fancybox-group\" href=\"https:\/\/zso4.szczecin.pl\/podstawowka\/wp-content\/uploads\/sites\/3\/2023\/11\/IMG_20231027_113159-scaled.jpg\" title=\"IMG_20231027_113159\"><img width=\"1024\" height=\"768\" src=\"https:\/\/zso4.szczecin.pl\/podstawowka\/wp-content\/uploads\/sites\/3\/2023\/11\/IMG_20231027_113159-1024x768.jpg\" class=\"attachment-large size-large\" alt=\"\" loading=\"lazy\" srcset=\"https:\/\/zso4.szczecin.pl\/podstawowka\/wp-content\/uploads\/sites\/3\/2023\/11\/IMG_20231027_113159-1024x768.jpg 1024w, https:\/\/zso4.szczecin.pl\/podstawowka\/wp-content\/uploads\/sites\/3\/2023\/11\/IMG_20231027_113159-300x225.jpg 300w, https:\/\/zso4.szczecin.pl\/podstawowka\/wp-content\/uploads\/sites\/3\/2023\/11\/IMG_20231027_113159-768x576.jpg 768w, https:\/\/zso4.szczecin.pl\/podstawowka\/wp-content\/uploads\/sites\/3\/2023\/11\/IMG_20231027_113159-1536x1152.jpg 1536w, https:\/\/zso4.szczecin.pl\/podstawowka\/wp-content\/uploads\/sites\/3\/2023\/11\/IMG_20231027_113159-2048x1536.jpg 2048w\" sizes=\"(max-width: 1024px) 100vw, 1024px\" \/><\/a>\n\t\t\t<\/dt><\/dl><dl class='gallery-item'>\n\t\t\t<dt class='gallery-icon portrait'>\n\t\t\t\t<a class=\"grouped_elements\" rel=\"tc-fancybox-group\" href=\"https:\/\/zso4.szczecin.pl\/podstawowka\/wp-content\/uploads\/sites\/3\/2023\/11\/IMG_20231026_102609-scaled.jpg\" title=\"IMG_20231026_102609\"><img width=\"768\" height=\"1024\" src=\"https:\/\/zso4.szczecin.pl\/podstawowka\/wp-content\/uploads\/sites\/3\/2023\/11\/IMG_20231026_102609-768x1024.jpg\" class=\"attachment-large size-large\" alt=\"\" loading=\"lazy\" srcset=\"https:\/\/zso4.szczecin.pl\/podstawowka\/wp-content\/uploads\/sites\/3\/2023\/11\/IMG_20231026_102609-768x1024.jpg 768w, https:\/\/zso4.szczecin.pl\/podstawowka\/wp-content\/uploads\/sites\/3\/2023\/11\/IMG_20231026_102609-225x300.jpg 225w, https:\/\/zso4.szczecin.pl\/podstawowka\/wp-content\/uploads\/sites\/3\/2023\/11\/IMG_20231026_102609-1152x1536.jpg 1152w, https:\/\/zso4.szczecin.pl\/podstawowka\/wp-content\/uploads\/sites\/3\/2023\/11\/IMG_20231026_102609-1536x2048.jpg 1536w, https:\/\/zso4.szczecin.pl\/podstawowka\/wp-content\/uploads\/sites\/3\/2023\/11\/IMG_20231026_102609-scaled.jpg 1920w\" sizes=\"(max-width: 768px) 100vw, 768px\" \/><\/a>\n\t\t\t<\/dt><\/dl><br style=\"clear: both\" \/><dl class='gallery-item'>\n\t\t\t<dt class='gallery-icon portrait'>\n\t\t\t\t<a class=\"grouped_elements\" rel=\"tc-fancybox-group\" href=\"https:\/\/zso4.szczecin.pl\/podstawowka\/wp-content\/uploads\/sites\/3\/2023\/11\/IMG_20231026_103441-scaled.jpg\" title=\"IMG_20231026_103441\"><img width=\"768\" height=\"1024\" src=\"https:\/\/zso4.szczecin.pl\/podstawowka\/wp-content\/uploads\/sites\/3\/2023\/11\/IMG_20231026_103441-768x1024.jpg\" class=\"attachment-large size-large\" alt=\"\" loading=\"lazy\" srcset=\"https:\/\/zso4.szczecin.pl\/podstawowka\/wp-content\/uploads\/sites\/3\/2023\/11\/IMG_20231026_103441-768x1024.jpg 768w, https:\/\/zso4.szczecin.pl\/podstawowka\/wp-content\/uploads\/sites\/3\/2023\/11\/IMG_20231026_103441-225x300.jpg 225w, https:\/\/zso4.szczecin.pl\/podstawowka\/wp-content\/uploads\/sites\/3\/2023\/11\/IMG_20231026_103441-1152x1536.jpg 1152w, https:\/\/zso4.szczecin.pl\/podstawowka\/wp-content\/uploads\/sites\/3\/2023\/11\/IMG_20231026_103441-1536x2048.jpg 1536w, https:\/\/zso4.szczecin.pl\/podstawowka\/wp-content\/uploads\/sites\/3\/2023\/11\/IMG_20231026_103441-scaled.jpg 1920w\" sizes=\"(max-width: 768px) 100vw, 768px\" \/><\/a>\n\t\t\t<\/dt><\/dl><dl class='gallery-item'>\n\t\t\t<dt class='gallery-icon portrait'>\n\t\t\t\t<a class=\"grouped_elements\" rel=\"tc-fancybox-group\" href=\"https:\/\/zso4.szczecin.pl\/podstawowka\/wp-content\/uploads\/sites\/3\/2023\/11\/IMG_20231026_103847-scaled.jpg\" title=\"IMG_20231026_103847\"><img width=\"768\" height=\"1024\" src=\"https:\/\/zso4.szczecin.pl\/podstawowka\/wp-content\/uploads\/sites\/3\/2023\/11\/IMG_20231026_103847-768x1024.jpg\" class=\"attachment-large size-large\" alt=\"\" loading=\"lazy\" srcset=\"https:\/\/zso4.szczecin.pl\/podstawowka\/wp-content\/uploads\/sites\/3\/2023\/11\/IMG_20231026_103847-768x1024.jpg 768w, https:\/\/zso4.szczecin.pl\/podstawowka\/wp-content\/uploads\/sites\/3\/2023\/11\/IMG_20231026_103847-225x300.jpg 225w, https:\/\/zso4.szczecin.pl\/podstawowka\/wp-content\/uploads\/sites\/3\/2023\/11\/IMG_20231026_103847-1152x1536.jpg 1152w, https:\/\/zso4.szczecin.pl\/podstawowka\/wp-content\/uploads\/sites\/3\/2023\/11\/IMG_20231026_103847-1536x2048.jpg 1536w, https:\/\/zso4.szczecin.pl\/podstawowka\/wp-content\/uploads\/sites\/3\/2023\/11\/IMG_20231026_103847-scaled.jpg 1920w\" sizes=\"(max-width: 768px) 100vw, 768px\" \/><\/a>\n\t\t\t<\/dt><\/dl><br style=\"clear: both\" \/><dl class='gallery-item'>\n\t\t\t<dt class='gallery-icon landscape'>\n\t\t\t\t<a class=\"grouped_elements\" rel=\"tc-fancybox-group\" href=\"https:\/\/zso4.szczecin.pl\/podstawowka\/wp-content\/uploads\/sites\/3\/2023\/11\/InShot_20231029_104408012.jpg\" title=\"InShot_20231029_104408012\"><img width=\"1024\" height=\"1024\" src=\"https:\/\/zso4.szczecin.pl\/podstawowka\/wp-content\/uploads\/sites\/3\/2023\/11\/InShot_20231029_104408012-1024x1024.jpg\" class=\"attachment-large size-large\" alt=\"\" loading=\"lazy\" srcset=\"https:\/\/zso4.szczecin.pl\/podstawowka\/wp-content\/uploads\/sites\/3\/2023\/11\/InShot_20231029_104408012-1024x1024.jpg 1024w, https:\/\/zso4.szczecin.pl\/podstawowka\/wp-content\/uploads\/sites\/3\/2023\/11\/InShot_20231029_104408012-300x300.jpg 300w, https:\/\/zso4.szczecin.pl\/podstawowka\/wp-content\/uploads\/sites\/3\/2023\/11\/InShot_20231029_104408012-150x150.jpg 150w, https:\/\/zso4.szczecin.pl\/podstawowka\/wp-content\/uploads\/sites\/3\/2023\/11\/InShot_20231029_104408012-768x768.jpg 768w, https:\/\/zso4.szczecin.pl\/podstawowka\/wp-content\/uploads\/sites\/3\/2023\/11\/InShot_20231029_104408012-1536x1536.jpg 1536w, https:\/\/zso4.szczecin.pl\/podstawowka\/wp-content\/uploads\/sites\/3\/2023\/11\/InShot_20231029_104408012.jpg 1920w\" sizes=\"(max-width: 1024px) 100vw, 1024px\" \/><\/a>\n\t\t\t<\/dt><\/dl>\n\t\t\t<br style='clear: both' \/>\n\t\t<\/div>\n\n","protected":false},"excerpt":{"rendered":"<p>24.10. klasa 0 uda\u0142a si\u0119 na wycieczk\u0119 do Filii nr 43 Miejskiej Biblioteki Publicznej w Szczecinie. Podczas spotkania dzieci mia\u0142y okazj\u0119 zapozna\u0107 si\u0119 z prac\u0105 bibliotekarza oraz procesem wypo\u017cyczania ksi\u0105\u017cek. Wyj\u015bcie do biblioteki zwi\u0105zane by\u0142o r\u00f3wnie\u017c z realizacj\u0105 jednego z zada\u0144 projektu &#8222;Pod\u0142\u0105cz ksi\u0105\u017ck\u0119&#8221;, w kt\u00f3rym kl. 0 w tym roku bierze udzia\u0142. Po powrocie [&hellip;]<\/p>\n","protected":false},"author":1,"featured_media":6967,"comment_status":"open","ping_status":"open","sticky":false,"template":"","format":"standard","meta":{"_exactmetrics_skip_tracking":false,"_exactmetrics_sitenote_active":false,"_exactmetrics_sitenote_note":"","_exactmetrics_sitenote_category":0},"categories":[1],"tags":[],"_links":{"self":[{"href":"https:\/\/zso4.szczecin.pl\/podstawowka\/wp-json\/wp\/v2\/posts\/6962"}],"collection":[{"href":"https:\/\/zso4.szczecin.pl\/podstawowka\/wp-json\/wp\/v2\/posts"}],"about":[{"href":"https:\/\/zso4.szczecin.pl\/podstawowka\/wp-json\/wp\/v2\/types\/post"}],"author":[{"embeddable":true,"href":"https:\/\/zso4.szczecin.pl\/podstawowka\/wp-json\/wp\/v2\/users\/1"}],"replies":[{"embeddable":true,"href":"https:\/\/zso4.szczecin.pl\/podstawowka\/wp-json\/wp\/v2\/comments?post=6962"}],"version-history":[{"count":1,"href":"https:\/\/zso4.szczecin.pl\/podstawowka\/wp-json\/wp\/v2\/posts\/6962\/revisions"}],"predecessor-version":[{"id":6968,"href":"https:\/\/zso4.szczecin.pl\/podstawowka\/wp-json\/wp\/v2\/posts\/6962\/revisions\/6968"}],"wp:featuredmedia":[{"embeddable":true,"href":"https:\/\/zso4.szczecin.pl\/podstawowka\/wp-json\/wp\/v2\/media\/6967"}],"wp:attachment":[{"href":"https:\/\/zso4.szczecin.pl\/podstawowka\/wp-json\/wp\/v2\/media?parent=6962"}],"wp:term":[{"taxonomy":"category","embeddable":true,"href":"https:\/\/zso4.szczecin.pl\/podstawowka\/wp-json\/wp\/v2\/categories?post=6962"},{"taxonomy":"post_tag","embeddable":true,"href":"https:\/\/zso4.szczecin.pl\/podstawowka\/wp-json\/wp\/v2\/tags?post=6962"}],"curies":[{"name":"wp","href":"https:\/\/api.w.org\/{rel}","templated":true}]}}