{"id":6825,"date":"2023-10-18T03:06:23","date_gmt":"2023-10-18T01:06:23","guid":{"rendered":"http:\/\/zso4.szczecin.pl\/podstawowka\/?p=6825"},"modified":"2023-10-18T03:19:00","modified_gmt":"2023-10-18T01:19:00","slug":"poznajemy-swiat-niewidomych","status":"publish","type":"post","link":"https:\/\/zso4.szczecin.pl\/podstawowka\/2023\/10\/18\/poznajemy-swiat-niewidomych\/","title":{"rendered":"Spotkanie z Krzysztofem Majorkiem \u2013 artyst\u0105 tworz\u0105cym obrazy dla niewidomych."},"content":{"rendered":"<p><span style=\"font-weight: inherit;\">Spotkanie z panem Krzysztofem Majorkiem \u2013 artyst\u0105, tw\u00f3rc\u0105 obraz\u00f3w dla niewidomych.<\/span><\/p>\n<p>Uczniowie kl.2b wzi\u0119li udzia\u0142 w warsztatach tworz\u0105c abstrakcyjne obrazy z elementami z recyklingu.<\/p>\n<p>Pi\u0119knie dzi\u0119kujemy za bogate wra\u017ce\u0144 spotkanie.<\/p>\n\n\t\t<style type=\"text\/css\">\n\t\t\t#gallery-1 {\n\t\t\t\tmargin: auto;\n\t\t\t}\n\t\t\t#gallery-1 .gallery-item {\n\t\t\t\tfloat: left;\n\t\t\t\tmargin-top: 10px;\n\t\t\t\ttext-align: center;\n\t\t\t\twidth: 33%;\n\t\t\t}\n\t\t\t#gallery-1 img {\n\t\t\t\tborder: 2px solid #cfcfcf;\n\t\t\t}\n\t\t\t#gallery-1 .gallery-caption {\n\t\t\t\tmargin-left: 0;\n\t\t\t}\n\t\t\t\/* see gallery_shortcode() in wp-includes\/media.php *\/\n\t\t<\/style>\n\t\t<div id='gallery-1' class='gallery galleryid-6825 gallery-columns-3 gallery-size-thumbnail'><dl class='gallery-item'>\n\t\t\t<dt class='gallery-icon portrait'>\n\t\t\t\t<a href='https:\/\/zso4.szczecin.pl\/podstawowka\/2023\/10\/18\/poznajemy-swiat-niewidomych\/1-16\/'><img width=\"150\" height=\"150\" src=\"https:\/\/zso4.szczecin.pl\/podstawowka\/wp-content\/uploads\/sites\/3\/2023\/10\/1-1-150x150.jpg\" class=\"attachment-thumbnail size-thumbnail\" alt=\"\" loading=\"lazy\" \/><\/a>\n\t\t\t<\/dt><\/dl><dl class='gallery-item'>\n\t\t\t<dt class='gallery-icon landscape'>\n\t\t\t\t<a href='https:\/\/zso4.szczecin.pl\/podstawowka\/2023\/10\/18\/poznajemy-swiat-niewidomych\/9-8\/'><img width=\"150\" height=\"150\" src=\"https:\/\/zso4.szczecin.pl\/podstawowka\/wp-content\/uploads\/sites\/3\/2023\/10\/9-150x150.jpg\" class=\"attachment-thumbnail size-thumbnail\" alt=\"\" loading=\"lazy\" \/><\/a>\n\t\t\t<\/dt><\/dl><dl class='gallery-item'>\n\t\t\t<dt class='gallery-icon landscape'>\n\t\t\t\t<a href='https:\/\/zso4.szczecin.pl\/podstawowka\/2023\/10\/18\/poznajemy-swiat-niewidomych\/3-11\/'><img width=\"150\" height=\"150\" src=\"https:\/\/zso4.szczecin.pl\/podstawowka\/wp-content\/uploads\/sites\/3\/2023\/10\/3-1-150x150.jpg\" class=\"attachment-thumbnail size-thumbnail\" alt=\"\" loading=\"lazy\" \/><\/a>\n\t\t\t<\/dt><\/dl><br style=\"clear: both\" \/><dl class='gallery-item'>\n\t\t\t<dt class='gallery-icon portrait'>\n\t\t\t\t<a href='https:\/\/zso4.szczecin.pl\/podstawowka\/2023\/10\/18\/poznajemy-swiat-niewidomych\/6-12\/'><img width=\"150\" height=\"150\" src=\"https:\/\/zso4.szczecin.pl\/podstawowka\/wp-content\/uploads\/sites\/3\/2023\/10\/6-1-150x150.jpg\" class=\"attachment-thumbnail size-thumbnail\" alt=\"\" loading=\"lazy\" \/><\/a>\n\t\t\t<\/dt><\/dl><dl class='gallery-item'>\n\t\t\t<dt class='gallery-icon landscape'>\n\t\t\t\t<a href='https:\/\/zso4.szczecin.pl\/podstawowka\/2023\/10\/18\/poznajemy-swiat-niewidomych\/5-12\/'><img width=\"150\" height=\"150\" src=\"https:\/\/zso4.szczecin.pl\/podstawowka\/wp-content\/uploads\/sites\/3\/2023\/10\/5-1-150x150.jpg\" class=\"attachment-thumbnail size-thumbnail\" alt=\"\" loading=\"lazy\" \/><\/a>\n\t\t\t<\/dt><\/dl><dl class='gallery-item'>\n\t\t\t<dt class='gallery-icon landscape'>\n\t\t\t\t<a href='https:\/\/zso4.szczecin.pl\/podstawowka\/2023\/10\/18\/poznajemy-swiat-niewidomych\/8-9\/'><img width=\"150\" height=\"150\" src=\"https:\/\/zso4.szczecin.pl\/podstawowka\/wp-content\/uploads\/sites\/3\/2023\/10\/8-150x150.png\" class=\"attachment-thumbnail size-thumbnail\" alt=\"\" loading=\"lazy\" \/><\/a>\n\t\t\t<\/dt><\/dl><br style=\"clear: both\" \/><dl class='gallery-item'>\n\t\t\t<dt class='gallery-icon portrait'>\n\t\t\t\t<a href='https:\/\/zso4.szczecin.pl\/podstawowka\/2023\/10\/18\/poznajemy-swiat-niewidomych\/2-15\/'><img width=\"150\" height=\"150\" src=\"https:\/\/zso4.szczecin.pl\/podstawowka\/wp-content\/uploads\/sites\/3\/2023\/10\/2-1-150x150.jpg\" class=\"attachment-thumbnail size-thumbnail\" alt=\"\" loading=\"lazy\" \/><\/a>\n\t\t\t<\/dt><\/dl><dl class='gallery-item'>\n\t\t\t<dt class='gallery-icon portrait'>\n\t\t\t\t<a href='https:\/\/zso4.szczecin.pl\/podstawowka\/2023\/10\/18\/poznajemy-swiat-niewidomych\/4-13\/'><img width=\"150\" height=\"150\" src=\"https:\/\/zso4.szczecin.pl\/podstawowka\/wp-content\/uploads\/sites\/3\/2023\/10\/4-1-150x150.jpg\" class=\"attachment-thumbnail size-thumbnail\" alt=\"\" loading=\"lazy\" \/><\/a>\n\t\t\t<\/dt><\/dl><dl class='gallery-item'>\n\t\t\t<dt class='gallery-icon landscape'>\n\t\t\t\t<a href='https:\/\/zso4.szczecin.pl\/podstawowka\/2023\/10\/18\/poznajemy-swiat-niewidomych\/7-10\/'><img width=\"150\" height=\"150\" src=\"https:\/\/zso4.szczecin.pl\/podstawowka\/wp-content\/uploads\/sites\/3\/2023\/10\/7-150x150.jpg\" class=\"attachment-thumbnail size-thumbnail\" alt=\"\" loading=\"lazy\" \/><\/a>\n\t\t\t<\/dt><\/dl><br style=\"clear: both\" \/>\n\t\t<\/div>\n\n","protected":false},"excerpt":{"rendered":"<p>Spotkanie z panem Krzysztofem Majorkiem \u2013 artyst\u0105, tw\u00f3rc\u0105 obraz\u00f3w dla niewidomych. Uczniowie kl.2b wzi\u0119li udzia\u0142 w warsztatach tworz\u0105c abstrakcyjne obrazy z elementami z recyklingu. Pi\u0119knie dzi\u0119kujemy za bogate wra\u017ce\u0144 spotkanie.<\/p>\n","protected":false},"author":1,"featured_media":6831,"comment_status":"open","ping_status":"open","sticky":false,"template":"","format":"standard","meta":{"_exactmetrics_skip_tracking":false,"_exactmetrics_sitenote_active":false,"_exactmetrics_sitenote_note":"","_exactmetrics_sitenote_category":0},"categories":[1],"tags":[],"_links":{"self":[{"href":"https:\/\/zso4.szczecin.pl\/podstawowka\/wp-json\/wp\/v2\/posts\/6825"}],"collection":[{"href":"https:\/\/zso4.szczecin.pl\/podstawowka\/wp-json\/wp\/v2\/posts"}],"about":[{"href":"https:\/\/zso4.szczecin.pl\/podstawowka\/wp-json\/wp\/v2\/types\/post"}],"author":[{"embeddable":true,"href":"https:\/\/zso4.szczecin.pl\/podstawowka\/wp-json\/wp\/v2\/users\/1"}],"replies":[{"embeddable":true,"href":"https:\/\/zso4.szczecin.pl\/podstawowka\/wp-json\/wp\/v2\/comments?post=6825"}],"version-history":[{"count":2,"href":"https:\/\/zso4.szczecin.pl\/podstawowka\/wp-json\/wp\/v2\/posts\/6825\/revisions"}],"predecessor-version":[{"id":6850,"href":"https:\/\/zso4.szczecin.pl\/podstawowka\/wp-json\/wp\/v2\/posts\/6825\/revisions\/6850"}],"wp:featuredmedia":[{"embeddable":true,"href":"https:\/\/zso4.szczecin.pl\/podstawowka\/wp-json\/wp\/v2\/media\/6831"}],"wp:attachment":[{"href":"https:\/\/zso4.szczecin.pl\/podstawowka\/wp-json\/wp\/v2\/media?parent=6825"}],"wp:term":[{"taxonomy":"category","embeddable":true,"href":"https:\/\/zso4.szczecin.pl\/podstawowka\/wp-json\/wp\/v2\/categories?post=6825"},{"taxonomy":"post_tag","embeddable":true,"href":"https:\/\/zso4.szczecin.pl\/podstawowka\/wp-json\/wp\/v2\/tags?post=6825"}],"curies":[{"name":"wp","href":"https:\/\/api.w.org\/{rel}","templated":true}]}}