{"id":6200,"date":"2023-05-25T09:16:58","date_gmt":"2023-05-25T07:16:58","guid":{"rendered":"http:\/\/zso4.szczecin.pl\/podstawowka\/?p=6200"},"modified":"2023-05-25T09:17:29","modified_gmt":"2023-05-25T07:17:29","slug":"6200","status":"publish","type":"post","link":"https:\/\/zso4.szczecin.pl\/podstawowka\/2023\/05\/25\/6200\/","title":{"rendered":""},"content":{"rendered":"<p>W dniu 24 maja 2023 r. uczniowie 3 klas SP uczestniczyli w zaj\u0119ciach z chemii i geografii. Tematem przewodnim by\u0142o powietrze. Na lekcji chemii uczniowie wykonywali bardzo ciekawe do\u015bwiadczenia z powietrzem jako mieszanin\u0105 gaz\u00f3w a na geografii poznawali przyrz\u0105dy pozwalaj\u0105ce mierzy\u0107 meteorologiczne parametry powietrza w naszym ogr\u00f3dku meteorologicznym.<\/p>\n<p>Niebawem kolejne zaj\u0119cia w ofercie bloku przyrodniczego dla uczni\u00f3w naszej szko\u0142y podstawowej.<\/p>\n<p>Pozdrawiamy.<\/p>\n<p>Agnieszka Kozio\u0142<\/p>\n<p>Tomasz Por\u0119bski<\/p>\n\n\t\t<style type=\"text\/css\">\n\t\t\t#gallery-1 {\n\t\t\t\tmargin: auto;\n\t\t\t}\n\t\t\t#gallery-1 .gallery-item {\n\t\t\t\tfloat: left;\n\t\t\t\tmargin-top: 10px;\n\t\t\t\ttext-align: center;\n\t\t\t\twidth: 33%;\n\t\t\t}\n\t\t\t#gallery-1 img {\n\t\t\t\tborder: 2px solid #cfcfcf;\n\t\t\t}\n\t\t\t#gallery-1 .gallery-caption {\n\t\t\t\tmargin-left: 0;\n\t\t\t}\n\t\t\t\/* see gallery_shortcode() in wp-includes\/media.php *\/\n\t\t<\/style>\n\t\t<div id='gallery-1' class='gallery galleryid-6200 gallery-columns-3 gallery-size-thumbnail'><dl class='gallery-item'>\n\t\t\t<dt class='gallery-icon landscape'>\n\t\t\t\t<a href='https:\/\/zso4.szczecin.pl\/podstawowka\/2023\/05\/25\/6200\/images\/'><img width=\"150\" height=\"150\" src=\"https:\/\/zso4.szczecin.pl\/podstawowka\/wp-content\/uploads\/sites\/3\/2023\/05\/images-150x150.png\" class=\"attachment-thumbnail size-thumbnail\" alt=\"\" loading=\"lazy\" srcset=\"https:\/\/zso4.szczecin.pl\/podstawowka\/wp-content\/uploads\/sites\/3\/2023\/05\/images-150x150.png 150w, https:\/\/zso4.szczecin.pl\/podstawowka\/wp-content\/uploads\/sites\/3\/2023\/05\/images.png 225w\" sizes=\"(max-width: 150px) 100vw, 150px\" \/><\/a>\n\t\t\t<\/dt><\/dl><dl class='gallery-item'>\n\t\t\t<dt class='gallery-icon landscape'>\n\t\t\t\t<a href='https:\/\/zso4.szczecin.pl\/podstawowka\/2023\/05\/25\/6200\/343256026_228814266556993_7566991394458990013_n\/'><img width=\"150\" height=\"150\" src=\"https:\/\/zso4.szczecin.pl\/podstawowka\/wp-content\/uploads\/sites\/3\/2023\/05\/343256026_228814266556993_7566991394458990013_n-150x150.jpg\" class=\"attachment-thumbnail size-thumbnail\" alt=\"\" loading=\"lazy\" \/><\/a>\n\t\t\t<\/dt><\/dl><dl class='gallery-item'>\n\t\t\t<dt class='gallery-icon landscape'>\n\t\t\t\t<a href='https:\/\/zso4.szczecin.pl\/podstawowka\/2023\/05\/25\/6200\/343563506_270615192088760_5938941616917775018_n\/'><img width=\"150\" height=\"150\" src=\"https:\/\/zso4.szczecin.pl\/podstawowka\/wp-content\/uploads\/sites\/3\/2023\/05\/343563506_270615192088760_5938941616917775018_n-150x150.jpg\" class=\"attachment-thumbnail size-thumbnail\" alt=\"\" loading=\"lazy\" \/><\/a>\n\t\t\t<\/dt><\/dl><br style=\"clear: both\" \/><dl class='gallery-item'>\n\t\t\t<dt class='gallery-icon landscape'>\n\t\t\t\t<a href='https:\/\/zso4.szczecin.pl\/podstawowka\/2023\/05\/25\/6200\/img_4032\/'><img width=\"150\" height=\"150\" src=\"https:\/\/zso4.szczecin.pl\/podstawowka\/wp-content\/uploads\/sites\/3\/2023\/05\/IMG_4032-150x150.jpg\" class=\"attachment-thumbnail size-thumbnail\" alt=\"\" loading=\"lazy\" \/><\/a>\n\t\t\t<\/dt><\/dl><dl class='gallery-item'>\n\t\t\t<dt class='gallery-icon landscape'>\n\t\t\t\t<a href='https:\/\/zso4.szczecin.pl\/podstawowka\/2023\/05\/25\/6200\/310-4262\/'><img width=\"150\" height=\"150\" src=\"https:\/\/zso4.szczecin.pl\/podstawowka\/wp-content\/uploads\/sites\/3\/2023\/05\/310-4262-150x150.jpg\" class=\"attachment-thumbnail size-thumbnail\" alt=\"\" loading=\"lazy\" \/><\/a>\n\t\t\t<\/dt><\/dl><dl class='gallery-item'>\n\t\t\t<dt class='gallery-icon landscape'>\n\t\t\t\t<a href='https:\/\/zso4.szczecin.pl\/podstawowka\/2023\/05\/25\/6200\/img_4021-2\/'><img width=\"150\" height=\"150\" src=\"https:\/\/zso4.szczecin.pl\/podstawowka\/wp-content\/uploads\/sites\/3\/2023\/05\/IMG_4021-150x150.jpg\" class=\"attachment-thumbnail size-thumbnail\" alt=\"\" loading=\"lazy\" \/><\/a>\n\t\t\t<\/dt><\/dl><br style=\"clear: both\" \/>\n\t\t<\/div>\n\n<p>&nbsp;<\/p>\n","protected":false},"excerpt":{"rendered":"<p>W dniu 24 maja 2023 r. uczniowie 3 klas SP uczestniczyli w zaj\u0119ciach z chemii i geografii. Tematem przewodnim by\u0142o powietrze. Na lekcji chemii uczniowie wykonywali bardzo ciekawe do\u015bwiadczenia z powietrzem jako mieszanin\u0105 gaz\u00f3w a na geografii poznawali przyrz\u0105dy pozwalaj\u0105ce mierzy\u0107 meteorologiczne parametry powietrza w naszym ogr\u00f3dku meteorologicznym. Niebawem kolejne zaj\u0119cia w ofercie bloku przyrodniczego [&hellip;]<\/p>\n","protected":false},"author":1,"featured_media":6206,"comment_status":"open","ping_status":"open","sticky":false,"template":"","format":"standard","meta":{"_exactmetrics_skip_tracking":false,"_exactmetrics_sitenote_active":false,"_exactmetrics_sitenote_note":"","_exactmetrics_sitenote_category":0},"categories":[1],"tags":[],"_links":{"self":[{"href":"https:\/\/zso4.szczecin.pl\/podstawowka\/wp-json\/wp\/v2\/posts\/6200"}],"collection":[{"href":"https:\/\/zso4.szczecin.pl\/podstawowka\/wp-json\/wp\/v2\/posts"}],"about":[{"href":"https:\/\/zso4.szczecin.pl\/podstawowka\/wp-json\/wp\/v2\/types\/post"}],"author":[{"embeddable":true,"href":"https:\/\/zso4.szczecin.pl\/podstawowka\/wp-json\/wp\/v2\/users\/1"}],"replies":[{"embeddable":true,"href":"https:\/\/zso4.szczecin.pl\/podstawowka\/wp-json\/wp\/v2\/comments?post=6200"}],"version-history":[{"count":1,"href":"https:\/\/zso4.szczecin.pl\/podstawowka\/wp-json\/wp\/v2\/posts\/6200\/revisions"}],"predecessor-version":[{"id":6207,"href":"https:\/\/zso4.szczecin.pl\/podstawowka\/wp-json\/wp\/v2\/posts\/6200\/revisions\/6207"}],"wp:featuredmedia":[{"embeddable":true,"href":"https:\/\/zso4.szczecin.pl\/podstawowka\/wp-json\/wp\/v2\/media\/6206"}],"wp:attachment":[{"href":"https:\/\/zso4.szczecin.pl\/podstawowka\/wp-json\/wp\/v2\/media?parent=6200"}],"wp:term":[{"taxonomy":"category","embeddable":true,"href":"https:\/\/zso4.szczecin.pl\/podstawowka\/wp-json\/wp\/v2\/categories?post=6200"},{"taxonomy":"post_tag","embeddable":true,"href":"https:\/\/zso4.szczecin.pl\/podstawowka\/wp-json\/wp\/v2\/tags?post=6200"}],"curies":[{"name":"wp","href":"https:\/\/api.w.org\/{rel}","templated":true}]}}