{"id":4951,"date":"2022-12-07T06:27:30","date_gmt":"2022-12-07T05:27:30","guid":{"rendered":"http:\/\/zso4.szczecin.pl\/podstawowka\/?p=4951"},"modified":"2022-12-07T06:27:30","modified_gmt":"2022-12-07T05:27:30","slug":"wspolne-pieczenie-piernikow","status":"publish","type":"post","link":"https:\/\/zso4.szczecin.pl\/podstawowka\/2022\/12\/07\/wspolne-pieczenie-piernikow\/","title":{"rendered":"Wsp\u00f3lne pieczenie piernik\u00f3w"},"content":{"rendered":"<p>Dzi\u0119ki \u017cyczliwo\u015bci galerii handlowej Kaskada uczniowie naszej szko\u0142y mogli spr\u00f3bowa\u0107 swoich si\u0142 w wypieku piernik\u00f3w. Receptura ciasta znana jest od \u015bredniowiecza i przechowywana w mie\u015bcie Toruniu.\u00a0 Podzielili si\u0119 ni\u0105 sami mistrzowie cukiernictwa, kt\u00f3rzy przyjechali z \u017bywego Muzeum Piernika z Torunia.<\/p>\n\n\t\t<style type=\"text\/css\">\n\t\t\t#gallery-1 {\n\t\t\t\tmargin: auto;\n\t\t\t}\n\t\t\t#gallery-1 .gallery-item {\n\t\t\t\tfloat: left;\n\t\t\t\tmargin-top: 10px;\n\t\t\t\ttext-align: center;\n\t\t\t\twidth: 33%;\n\t\t\t}\n\t\t\t#gallery-1 img {\n\t\t\t\tborder: 2px solid #cfcfcf;\n\t\t\t}\n\t\t\t#gallery-1 .gallery-caption {\n\t\t\t\tmargin-left: 0;\n\t\t\t}\n\t\t\t\/* see gallery_shortcode() in wp-includes\/media.php *\/\n\t\t<\/style>\n\t\t<div id='gallery-1' class='gallery galleryid-4951 gallery-columns-3 gallery-size-thumbnail'><dl class='gallery-item'>\n\t\t\t<dt class='gallery-icon landscape'>\n\t\t\t\t<a href='https:\/\/zso4.szczecin.pl\/podstawowka\/2022\/12\/07\/wspolne-pieczenie-piernikow\/received_3370885823234224\/'><img width=\"150\" height=\"150\" src=\"https:\/\/zso4.szczecin.pl\/podstawowka\/wp-content\/uploads\/sites\/3\/2022\/12\/received_3370885823234224-150x150.jpeg\" class=\"attachment-thumbnail size-thumbnail\" alt=\"\" loading=\"lazy\" srcset=\"https:\/\/zso4.szczecin.pl\/podstawowka\/wp-content\/uploads\/sites\/3\/2022\/12\/received_3370885823234224-150x150.jpeg 150w, https:\/\/zso4.szczecin.pl\/podstawowka\/wp-content\/uploads\/sites\/3\/2022\/12\/received_3370885823234224-300x300.jpeg 300w, https:\/\/zso4.szczecin.pl\/podstawowka\/wp-content\/uploads\/sites\/3\/2022\/12\/received_3370885823234224-1024x1024.jpeg 1024w, https:\/\/zso4.szczecin.pl\/podstawowka\/wp-content\/uploads\/sites\/3\/2022\/12\/received_3370885823234224-768x768.jpeg 768w, https:\/\/zso4.szczecin.pl\/podstawowka\/wp-content\/uploads\/sites\/3\/2022\/12\/received_3370885823234224-1536x1536.jpeg 1536w, https:\/\/zso4.szczecin.pl\/podstawowka\/wp-content\/uploads\/sites\/3\/2022\/12\/received_3370885823234224.jpeg 2048w\" sizes=\"(max-width: 150px) 100vw, 150px\" \/><\/a>\n\t\t\t<\/dt><\/dl><dl class='gallery-item'>\n\t\t\t<dt class='gallery-icon landscape'>\n\t\t\t\t<a href='https:\/\/zso4.szczecin.pl\/podstawowka\/2022\/12\/07\/wspolne-pieczenie-piernikow\/received_460284702846227\/'><img width=\"150\" height=\"150\" src=\"https:\/\/zso4.szczecin.pl\/podstawowka\/wp-content\/uploads\/sites\/3\/2022\/12\/received_460284702846227-150x150.jpeg\" class=\"attachment-thumbnail size-thumbnail\" alt=\"\" loading=\"lazy\" srcset=\"https:\/\/zso4.szczecin.pl\/podstawowka\/wp-content\/uploads\/sites\/3\/2022\/12\/received_460284702846227-150x150.jpeg 150w, https:\/\/zso4.szczecin.pl\/podstawowka\/wp-content\/uploads\/sites\/3\/2022\/12\/received_460284702846227-300x300.jpeg 300w, https:\/\/zso4.szczecin.pl\/podstawowka\/wp-content\/uploads\/sites\/3\/2022\/12\/received_460284702846227-1024x1024.jpeg 1024w, https:\/\/zso4.szczecin.pl\/podstawowka\/wp-content\/uploads\/sites\/3\/2022\/12\/received_460284702846227-768x768.jpeg 768w, https:\/\/zso4.szczecin.pl\/podstawowka\/wp-content\/uploads\/sites\/3\/2022\/12\/received_460284702846227-1536x1536.jpeg 1536w, https:\/\/zso4.szczecin.pl\/podstawowka\/wp-content\/uploads\/sites\/3\/2022\/12\/received_460284702846227.jpeg 2048w\" sizes=\"(max-width: 150px) 100vw, 150px\" \/><\/a>\n\t\t\t<\/dt><\/dl><dl class='gallery-item'>\n\t\t\t<dt class='gallery-icon landscape'>\n\t\t\t\t<a href='https:\/\/zso4.szczecin.pl\/podstawowka\/2022\/12\/07\/wspolne-pieczenie-piernikow\/received_682063493331351\/'><img width=\"150\" height=\"150\" src=\"https:\/\/zso4.szczecin.pl\/podstawowka\/wp-content\/uploads\/sites\/3\/2022\/12\/received_682063493331351-150x150.jpeg\" class=\"attachment-thumbnail size-thumbnail\" alt=\"\" loading=\"lazy\" srcset=\"https:\/\/zso4.szczecin.pl\/podstawowka\/wp-content\/uploads\/sites\/3\/2022\/12\/received_682063493331351-150x150.jpeg 150w, https:\/\/zso4.szczecin.pl\/podstawowka\/wp-content\/uploads\/sites\/3\/2022\/12\/received_682063493331351-300x300.jpeg 300w, https:\/\/zso4.szczecin.pl\/podstawowka\/wp-content\/uploads\/sites\/3\/2022\/12\/received_682063493331351-1024x1024.jpeg 1024w, https:\/\/zso4.szczecin.pl\/podstawowka\/wp-content\/uploads\/sites\/3\/2022\/12\/received_682063493331351-768x768.jpeg 768w, https:\/\/zso4.szczecin.pl\/podstawowka\/wp-content\/uploads\/sites\/3\/2022\/12\/received_682063493331351-1536x1536.jpeg 1536w, https:\/\/zso4.szczecin.pl\/podstawowka\/wp-content\/uploads\/sites\/3\/2022\/12\/received_682063493331351.jpeg 2048w\" sizes=\"(max-width: 150px) 100vw, 150px\" \/><\/a>\n\t\t\t<\/dt><\/dl><br style=\"clear: both\" \/><dl class='gallery-item'>\n\t\t\t<dt class='gallery-icon landscape'>\n\t\t\t\t<a href='https:\/\/zso4.szczecin.pl\/podstawowka\/2022\/12\/07\/wspolne-pieczenie-piernikow\/received_2051478525061855\/'><img width=\"150\" height=\"150\" src=\"https:\/\/zso4.szczecin.pl\/podstawowka\/wp-content\/uploads\/sites\/3\/2022\/12\/received_2051478525061855-150x150.jpeg\" class=\"attachment-thumbnail size-thumbnail\" alt=\"\" loading=\"lazy\" srcset=\"https:\/\/zso4.szczecin.pl\/podstawowka\/wp-content\/uploads\/sites\/3\/2022\/12\/received_2051478525061855-150x150.jpeg 150w, https:\/\/zso4.szczecin.pl\/podstawowka\/wp-content\/uploads\/sites\/3\/2022\/12\/received_2051478525061855-300x300.jpeg 300w, https:\/\/zso4.szczecin.pl\/podstawowka\/wp-content\/uploads\/sites\/3\/2022\/12\/received_2051478525061855-1024x1024.jpeg 1024w, https:\/\/zso4.szczecin.pl\/podstawowka\/wp-content\/uploads\/sites\/3\/2022\/12\/received_2051478525061855-768x768.jpeg 768w, https:\/\/zso4.szczecin.pl\/podstawowka\/wp-content\/uploads\/sites\/3\/2022\/12\/received_2051478525061855-1536x1536.jpeg 1536w, https:\/\/zso4.szczecin.pl\/podstawowka\/wp-content\/uploads\/sites\/3\/2022\/12\/received_2051478525061855.jpeg 2048w\" sizes=\"(max-width: 150px) 100vw, 150px\" \/><\/a>\n\t\t\t<\/dt><\/dl><dl class='gallery-item'>\n\t\t\t<dt class='gallery-icon landscape'>\n\t\t\t\t<a href='https:\/\/zso4.szczecin.pl\/podstawowka\/2022\/12\/07\/wspolne-pieczenie-piernikow\/img_20221206_125533\/'><img width=\"150\" height=\"150\" src=\"https:\/\/zso4.szczecin.pl\/podstawowka\/wp-content\/uploads\/sites\/3\/2022\/12\/IMG_20221206_125533-150x150.jpg\" class=\"attachment-thumbnail size-thumbnail\" alt=\"\" loading=\"lazy\" \/><\/a>\n\t\t\t<\/dt><\/dl>\n\t\t\t<br style='clear: both' \/>\n\t\t<\/div>\n\n","protected":false},"excerpt":{"rendered":"<p>Dzi\u0119ki \u017cyczliwo\u015bci galerii handlowej Kaskada uczniowie naszej szko\u0142y mogli spr\u00f3bowa\u0107 swoich si\u0142 w wypieku piernik\u00f3w. Receptura ciasta znana jest od \u015bredniowiecza i przechowywana w mie\u015bcie Toruniu.\u00a0 Podzielili si\u0119 ni\u0105 sami mistrzowie cukiernictwa, kt\u00f3rzy przyjechali z \u017bywego Muzeum Piernika z Torunia.<\/p>\n","protected":false},"author":1,"featured_media":4953,"comment_status":"open","ping_status":"open","sticky":false,"template":"","format":"standard","meta":{"_exactmetrics_skip_tracking":false,"_exactmetrics_sitenote_active":false,"_exactmetrics_sitenote_note":"","_exactmetrics_sitenote_category":0},"categories":[1],"tags":[],"_links":{"self":[{"href":"https:\/\/zso4.szczecin.pl\/podstawowka\/wp-json\/wp\/v2\/posts\/4951"}],"collection":[{"href":"https:\/\/zso4.szczecin.pl\/podstawowka\/wp-json\/wp\/v2\/posts"}],"about":[{"href":"https:\/\/zso4.szczecin.pl\/podstawowka\/wp-json\/wp\/v2\/types\/post"}],"author":[{"embeddable":true,"href":"https:\/\/zso4.szczecin.pl\/podstawowka\/wp-json\/wp\/v2\/users\/1"}],"replies":[{"embeddable":true,"href":"https:\/\/zso4.szczecin.pl\/podstawowka\/wp-json\/wp\/v2\/comments?post=4951"}],"version-history":[{"count":1,"href":"https:\/\/zso4.szczecin.pl\/podstawowka\/wp-json\/wp\/v2\/posts\/4951\/revisions"}],"predecessor-version":[{"id":4958,"href":"https:\/\/zso4.szczecin.pl\/podstawowka\/wp-json\/wp\/v2\/posts\/4951\/revisions\/4958"}],"wp:featuredmedia":[{"embeddable":true,"href":"https:\/\/zso4.szczecin.pl\/podstawowka\/wp-json\/wp\/v2\/media\/4953"}],"wp:attachment":[{"href":"https:\/\/zso4.szczecin.pl\/podstawowka\/wp-json\/wp\/v2\/media?parent=4951"}],"wp:term":[{"taxonomy":"category","embeddable":true,"href":"https:\/\/zso4.szczecin.pl\/podstawowka\/wp-json\/wp\/v2\/categories?post=4951"},{"taxonomy":"post_tag","embeddable":true,"href":"https:\/\/zso4.szczecin.pl\/podstawowka\/wp-json\/wp\/v2\/tags?post=4951"}],"curies":[{"name":"wp","href":"https:\/\/api.w.org\/{rel}","templated":true}]}}