{"id":4802,"date":"2022-11-28T16:10:21","date_gmt":"2022-11-28T15:10:21","guid":{"rendered":"http:\/\/zso4.szczecin.pl\/podstawowka\/?p=4802"},"modified":"2022-11-28T16:12:03","modified_gmt":"2022-11-28T15:12:03","slug":"klasa-0-i-2b-udaly-sie-w-podroz-do-koszalina","status":"publish","type":"post","link":"https:\/\/zso4.szczecin.pl\/podstawowka\/2022\/11\/28\/klasa-0-i-2b-udaly-sie-w-podroz-do-koszalina\/","title":{"rendered":"Klasa 0 i 2b uda\u0142y si\u0119 w podr\u00f3\u017c, do Koszalina"},"content":{"rendered":"<div>Klasa 0 i 2b uda\u0142y si\u0119 w podr\u00f3\u017c, do Koszalina, gdzie odwiedzi\u0142y Fabryk\u0119 Bombek. Podczas warsztat\u00f3w zapozna\u0142y si\u0119 z procesem powstawania szklanych ozd\u00f3b choinkowych; zwiedza\u0142y fabryk\u0119 oraz w\u0142asnor\u0119cznie w grupkach ozdabia\u0142y bombki tradycyjn\u0105 metod\u0105.<\/div>\n<div>Nast\u0119pnie udali\u015bmy si\u0119 do Ko\u0142obrzegu, gdzie spacerowali\u015bmy s\u0142ynn\u0105 ko\u0142obrzesk\u0105 promenad\u0105, przy kt\u00f3rej znajduje si\u0119 Pomnik Za\u015blubin Polski z Morzem, Latarnia Morska&#8230;<\/div>\n<div>Spacer po pla\u017cy zako\u0144czy\u0142 si\u0119 poszukiwaniami bursztyn\u00f3w oraz r\u00f3\u017cnych gatunk\u00f3w zwierz\u0105t \u017cyj\u0105cych nad polskim morzem. By\u0142 to wspania\u0142y dzie\u0144 pe\u0142en przyg\u00f3d.<\/div>\n<div>\n\n\t\t<style type=\"text\/css\">\n\t\t\t#gallery-1 {\n\t\t\t\tmargin: auto;\n\t\t\t}\n\t\t\t#gallery-1 .gallery-item {\n\t\t\t\tfloat: left;\n\t\t\t\tmargin-top: 10px;\n\t\t\t\ttext-align: center;\n\t\t\t\twidth: 50%;\n\t\t\t}\n\t\t\t#gallery-1 img {\n\t\t\t\tborder: 2px solid #cfcfcf;\n\t\t\t}\n\t\t\t#gallery-1 .gallery-caption {\n\t\t\t\tmargin-left: 0;\n\t\t\t}\n\t\t\t\/* see gallery_shortcode() in wp-includes\/media.php *\/\n\t\t<\/style>\n\t\t<div id='gallery-1' class='gallery galleryid-4802 gallery-columns-2 gallery-size-large'><dl class='gallery-item'>\n\t\t\t<dt class='gallery-icon landscape'>\n\t\t\t\t<a class=\"grouped_elements\" rel=\"tc-fancybox-group\" href=\"https:\/\/zso4.szczecin.pl\/podstawowka\/wp-content\/uploads\/sites\/3\/2022\/11\/20221125_115753-scaled.jpg\" title=\"20221125_115753\"><img width=\"1024\" height=\"765\" src=\"https:\/\/zso4.szczecin.pl\/podstawowka\/wp-content\/uploads\/sites\/3\/2022\/11\/20221125_115753-1024x765.jpg\" class=\"attachment-large size-large\" alt=\"\" loading=\"lazy\" srcset=\"https:\/\/zso4.szczecin.pl\/podstawowka\/wp-content\/uploads\/sites\/3\/2022\/11\/20221125_115753-1024x765.jpg 1024w, https:\/\/zso4.szczecin.pl\/podstawowka\/wp-content\/uploads\/sites\/3\/2022\/11\/20221125_115753-300x224.jpg 300w, https:\/\/zso4.szczecin.pl\/podstawowka\/wp-content\/uploads\/sites\/3\/2022\/11\/20221125_115753-768x574.jpg 768w, https:\/\/zso4.szczecin.pl\/podstawowka\/wp-content\/uploads\/sites\/3\/2022\/11\/20221125_115753-1536x1147.jpg 1536w, https:\/\/zso4.szczecin.pl\/podstawowka\/wp-content\/uploads\/sites\/3\/2022\/11\/20221125_115753-2048x1529.jpg 2048w\" sizes=\"(max-width: 1024px) 100vw, 1024px\" \/><\/a>\n\t\t\t<\/dt><\/dl><dl class='gallery-item'>\n\t\t\t<dt class='gallery-icon landscape'>\n\t\t\t\t<a class=\"grouped_elements\" rel=\"tc-fancybox-group\" href=\"https:\/\/zso4.szczecin.pl\/podstawowka\/wp-content\/uploads\/sites\/3\/2022\/11\/20221125_153309-scaled.jpg\" title=\"20221125_153309\"><img width=\"1024\" height=\"576\" src=\"https:\/\/zso4.szczecin.pl\/podstawowka\/wp-content\/uploads\/sites\/3\/2022\/11\/20221125_153309-1024x576.jpg\" class=\"attachment-large size-large\" alt=\"\" loading=\"lazy\" srcset=\"https:\/\/zso4.szczecin.pl\/podstawowka\/wp-content\/uploads\/sites\/3\/2022\/11\/20221125_153309-1024x576.jpg 1024w, https:\/\/zso4.szczecin.pl\/podstawowka\/wp-content\/uploads\/sites\/3\/2022\/11\/20221125_153309-300x169.jpg 300w, https:\/\/zso4.szczecin.pl\/podstawowka\/wp-content\/uploads\/sites\/3\/2022\/11\/20221125_153309-768x432.jpg 768w, https:\/\/zso4.szczecin.pl\/podstawowka\/wp-content\/uploads\/sites\/3\/2022\/11\/20221125_153309-1536x864.jpg 1536w, https:\/\/zso4.szczecin.pl\/podstawowka\/wp-content\/uploads\/sites\/3\/2022\/11\/20221125_153309-2048x1152.jpg 2048w\" sizes=\"(max-width: 1024px) 100vw, 1024px\" \/><\/a>\n\t\t\t<\/dt><\/dl><br style=\"clear: both\" \/><dl class='gallery-item'>\n\t\t\t<dt class='gallery-icon portrait'>\n\t\t\t\t<a class=\"grouped_elements\" rel=\"tc-fancybox-group\" href=\"https:\/\/zso4.szczecin.pl\/podstawowka\/wp-content\/uploads\/sites\/3\/2022\/11\/20221125_152524-scaled.jpg\" title=\"20221125_152524\"><img width=\"576\" height=\"1024\" src=\"https:\/\/zso4.szczecin.pl\/podstawowka\/wp-content\/uploads\/sites\/3\/2022\/11\/20221125_152524-576x1024.jpg\" class=\"attachment-large size-large\" alt=\"\" loading=\"lazy\" srcset=\"https:\/\/zso4.szczecin.pl\/podstawowka\/wp-content\/uploads\/sites\/3\/2022\/11\/20221125_152524-576x1024.jpg 576w, https:\/\/zso4.szczecin.pl\/podstawowka\/wp-content\/uploads\/sites\/3\/2022\/11\/20221125_152524-169x300.jpg 169w, https:\/\/zso4.szczecin.pl\/podstawowka\/wp-content\/uploads\/sites\/3\/2022\/11\/20221125_152524-768x1365.jpg 768w, https:\/\/zso4.szczecin.pl\/podstawowka\/wp-content\/uploads\/sites\/3\/2022\/11\/20221125_152524-864x1536.jpg 864w, https:\/\/zso4.szczecin.pl\/podstawowka\/wp-content\/uploads\/sites\/3\/2022\/11\/20221125_152524-1152x2048.jpg 1152w, https:\/\/zso4.szczecin.pl\/podstawowka\/wp-content\/uploads\/sites\/3\/2022\/11\/20221125_152524-scaled.jpg 1440w\" sizes=\"(max-width: 576px) 100vw, 576px\" \/><\/a>\n\t\t\t<\/dt><\/dl><dl class='gallery-item'>\n\t\t\t<dt class='gallery-icon landscape'>\n\t\t\t\t<a class=\"grouped_elements\" rel=\"tc-fancybox-group\" href=\"https:\/\/zso4.szczecin.pl\/podstawowka\/wp-content\/uploads\/sites\/3\/2022\/11\/20221125_144756-scaled.jpg\" title=\"20221125_144756\"><img width=\"1024\" height=\"576\" src=\"https:\/\/zso4.szczecin.pl\/podstawowka\/wp-content\/uploads\/sites\/3\/2022\/11\/20221125_144756-1024x576.jpg\" class=\"attachment-large size-large\" alt=\"\" loading=\"lazy\" srcset=\"https:\/\/zso4.szczecin.pl\/podstawowka\/wp-content\/uploads\/sites\/3\/2022\/11\/20221125_144756-1024x576.jpg 1024w, https:\/\/zso4.szczecin.pl\/podstawowka\/wp-content\/uploads\/sites\/3\/2022\/11\/20221125_144756-300x169.jpg 300w, https:\/\/zso4.szczecin.pl\/podstawowka\/wp-content\/uploads\/sites\/3\/2022\/11\/20221125_144756-768x432.jpg 768w, https:\/\/zso4.szczecin.pl\/podstawowka\/wp-content\/uploads\/sites\/3\/2022\/11\/20221125_144756-1536x864.jpg 1536w, https:\/\/zso4.szczecin.pl\/podstawowka\/wp-content\/uploads\/sites\/3\/2022\/11\/20221125_144756-2048x1152.jpg 2048w\" sizes=\"(max-width: 1024px) 100vw, 1024px\" \/><\/a>\n\t\t\t<\/dt><\/dl><br style=\"clear: both\" \/>\n\t\t<\/div>\n\n<\/div>\n","protected":false},"excerpt":{"rendered":"<p>Klasa 0 i 2b uda\u0142y si\u0119 w podr\u00f3\u017c, do Koszalina, gdzie odwiedzi\u0142y Fabryk\u0119 Bombek. Podczas warsztat\u00f3w zapozna\u0142y si\u0119 z procesem powstawania szklanych ozd\u00f3b choinkowych; zwiedza\u0142y fabryk\u0119 oraz w\u0142asnor\u0119cznie w grupkach ozdabia\u0142y bombki tradycyjn\u0105 metod\u0105. Nast\u0119pnie udali\u015bmy si\u0119 do Ko\u0142obrzegu, gdzie spacerowali\u015bmy s\u0142ynn\u0105 ko\u0142obrzesk\u0105 promenad\u0105, przy kt\u00f3rej znajduje si\u0119 Pomnik Za\u015blubin Polski z Morzem, Latarnia Morska&#8230; [&hellip;]<\/p>\n","protected":false},"author":1,"featured_media":4804,"comment_status":"open","ping_status":"open","sticky":false,"template":"","format":"standard","meta":{"_exactmetrics_skip_tracking":false,"_exactmetrics_sitenote_active":false,"_exactmetrics_sitenote_note":"","_exactmetrics_sitenote_category":0},"categories":[1],"tags":[],"_links":{"self":[{"href":"https:\/\/zso4.szczecin.pl\/podstawowka\/wp-json\/wp\/v2\/posts\/4802"}],"collection":[{"href":"https:\/\/zso4.szczecin.pl\/podstawowka\/wp-json\/wp\/v2\/posts"}],"about":[{"href":"https:\/\/zso4.szczecin.pl\/podstawowka\/wp-json\/wp\/v2\/types\/post"}],"author":[{"embeddable":true,"href":"https:\/\/zso4.szczecin.pl\/podstawowka\/wp-json\/wp\/v2\/users\/1"}],"replies":[{"embeddable":true,"href":"https:\/\/zso4.szczecin.pl\/podstawowka\/wp-json\/wp\/v2\/comments?post=4802"}],"version-history":[{"count":1,"href":"https:\/\/zso4.szczecin.pl\/podstawowka\/wp-json\/wp\/v2\/posts\/4802\/revisions"}],"predecessor-version":[{"id":4808,"href":"https:\/\/zso4.szczecin.pl\/podstawowka\/wp-json\/wp\/v2\/posts\/4802\/revisions\/4808"}],"wp:featuredmedia":[{"embeddable":true,"href":"https:\/\/zso4.szczecin.pl\/podstawowka\/wp-json\/wp\/v2\/media\/4804"}],"wp:attachment":[{"href":"https:\/\/zso4.szczecin.pl\/podstawowka\/wp-json\/wp\/v2\/media?parent=4802"}],"wp:term":[{"taxonomy":"category","embeddable":true,"href":"https:\/\/zso4.szczecin.pl\/podstawowka\/wp-json\/wp\/v2\/categories?post=4802"},{"taxonomy":"post_tag","embeddable":true,"href":"https:\/\/zso4.szczecin.pl\/podstawowka\/wp-json\/wp\/v2\/tags?post=4802"}],"curies":[{"name":"wp","href":"https:\/\/api.w.org\/{rel}","templated":true}]}}