{"id":3802,"date":"2021-01-29T19:18:36","date_gmt":"2021-01-29T18:18:36","guid":{"rendered":"http:\/\/zso4.szczecin.pl\/podstawowka\/?p=3802"},"modified":"2021-01-31T21:33:04","modified_gmt":"2021-01-31T20:33:04","slug":"zarzadzenie-prezydenta-miasta-szczecin-w-sprawie-terminow-rekrutacji-do-oddzialow-przedszkolnych-w-publicznych-szkolach-podstawowych-i-klas-i-publicznych-szkol-podstawowych","status":"publish","type":"post","link":"https:\/\/zso4.szczecin.pl\/podstawowka\/2021\/01\/29\/zarzadzenie-prezydenta-miasta-szczecin-w-sprawie-terminow-rekrutacji-do-oddzialow-przedszkolnych-w-publicznych-szkolach-podstawowych-i-klas-i-publicznych-szkol-podstawowych\/","title":{"rendered":"Zarz\u0105dzenie Prezydenta Miasta Szczecin w sprawie termin\u00f3w rekrutacji do oddzia\u0142\u00f3w przedszkolnych w publicznych szko\u0142ach podstawowych\u00a0i klas I publicznych szk\u00f3\u0142 podstawowych"},"content":{"rendered":"<p><a href=\"http:\/\/zso4.szczecin.pl\/wp-content\/uploads\/2021\/01\/Miasto-Szczecin.png\"><img loading=\"lazy\" class=\"size-medium wp-image-2203 alignright\" src=\"http:\/\/zso4.szczecin.pl\/wp-content\/uploads\/2021\/01\/Miasto-Szczecin-300x100.png\" alt=\"\" width=\"300\" height=\"100\" \/><\/a><\/p>\n<p style=\"text-align: center;\"><span style=\"color: #000000;\">ZARZ\u0104DZENIE NR 35\/21<\/span><br \/>\n<span style=\"color: #000000;\">PREZYDENTA MIASTA SZCZECIN<\/span><br \/>\n<span style=\"color: #000000;\">z dnia 22 stycznia 2021 r.<\/span><\/p>\n<p><span style=\"color: #000000;\">w sprawie okre\u015blenia termin\u00f3w przeprowadzenia post\u0119powania rekrutacyjnego i post\u0119powania\u00a0<\/span><span style=\"color: #000000;\">uzupe\u0142niaj\u0105cego, w tym termin\u00f3w sk\u0142adania dokument\u00f3w, na rok szkolny 2021\/2022 do\u00a0<\/span><span style=\"color: #000000;\">publicznych przedszkoli, oddzia\u0142\u00f3w przedszkolnych w publicznych szko\u0142ach podstawowych\u00a0<\/span><span style=\"color: #000000;\">i klas I publicznych szk\u00f3\u0142 podstawowych.<\/span><\/p>\n<p>Wi\u0119cej informacji <a href=\"https:\/\/nabor.pcss.pl\/szczecin\/szkolapodstawowa\/dokumenty\" target=\"_blank\" rel=\"noopener\"><span style=\"color: #0000ff;\">TU<\/span><\/a>.<\/p>\n<blockquote>\n<ul>\n<li><span style=\"color: #0000ff;\"><a style=\"color: #0000ff;\" href=\"http:\/\/zso4.szczecin.pl\/wp-content\/uploads\/2021\/01\/Zarzadzenie-PM-35-2021-terminy-rekrutacji-2021-2022.pdf\" target=\"_blank\" rel=\"noopener\">Zarz\u0105dzenie PM 35 2021 terminy rekrutacji 2021 2022 pdf<\/a><\/span><\/li>\n<li><span style=\"color: #0000ff;\"><a style=\"color: #0000ff;\" href=\"http:\/\/zso4.szczecin.pl\/wp-content\/uploads\/2021\/01\/Uchwa\u0142a-w-sprawie-kryteri\u00f3w-post\u0119powania-rekrutacyjnego.pdf\">Uchwa\u0142a w sprawie kryteri\u00f3w post\u0119powania rekrutacyjnego<\/a>\u00a0pdf<\/span><\/li>\n<li><span style=\"color: #0000ff;\"><a style=\"color: #0000ff;\" href=\"http:\/\/zso4.szczecin.pl\/wp-content\/uploads\/2021\/01\/Obwody-szk\u00f3\u0142-podstawowych-01-09-2021-r.pdf\">Obwody szk\u00f3\u0142 podstawowych 01 09 2021 r<\/a>\u00a0pdf<\/span><\/li>\n<\/ul>\n<\/blockquote>\n<h3>Zach\u0119camy r\u00f3wnie\u017c do odwiedzenia naszego fanpage na Facebooku <a href=\"https:\/\/www.facebook.com\/SP-2-w-Szczecinie-klasy-0-3-177308152929861\" target=\"_blank\" rel=\"noopener\">TU<\/a>.<\/h3>\n<p><a href=\"https:\/\/www.facebook.com\/SP-2-w-Szczecinie-klasy-0-3-177308152929861\">https:\/\/www.facebook.com\/SP-2-w-Szczecinie-klasy-0-3-177308152929861<\/a><\/p>\n","protected":false},"excerpt":{"rendered":"<p>ZARZ\u0104DZENIE NR 35\/21 PREZYDENTA MIASTA SZCZECIN z dnia 22 stycznia 2021 r. w sprawie okre\u015blenia termin\u00f3w przeprowadzenia post\u0119powania rekrutacyjnego i post\u0119powania\u00a0uzupe\u0142niaj\u0105cego, w tym termin\u00f3w sk\u0142adania dokument\u00f3w, na rok szkolny 2021\/2022 do\u00a0publicznych przedszkoli, oddzia\u0142\u00f3w przedszkolnych w publicznych szko\u0142ach podstawowych\u00a0i klas I publicznych szk\u00f3\u0142 podstawowych. Wi\u0119cej informacji TU. Zarz\u0105dzenie PM 35 2021 terminy rekrutacji 2021 2022 pdf [&hellip;]<\/p>\n","protected":false},"author":1,"featured_media":1911,"comment_status":"open","ping_status":"open","sticky":false,"template":"","format":"standard","meta":{"_exactmetrics_skip_tracking":false,"_exactmetrics_sitenote_active":false,"_exactmetrics_sitenote_note":"","_exactmetrics_sitenote_category":0},"categories":[27],"tags":[],"_links":{"self":[{"href":"https:\/\/zso4.szczecin.pl\/podstawowka\/wp-json\/wp\/v2\/posts\/3802"}],"collection":[{"href":"https:\/\/zso4.szczecin.pl\/podstawowka\/wp-json\/wp\/v2\/posts"}],"about":[{"href":"https:\/\/zso4.szczecin.pl\/podstawowka\/wp-json\/wp\/v2\/types\/post"}],"author":[{"embeddable":true,"href":"https:\/\/zso4.szczecin.pl\/podstawowka\/wp-json\/wp\/v2\/users\/1"}],"replies":[{"embeddable":true,"href":"https:\/\/zso4.szczecin.pl\/podstawowka\/wp-json\/wp\/v2\/comments?post=3802"}],"version-history":[{"count":12,"href":"https:\/\/zso4.szczecin.pl\/podstawowka\/wp-json\/wp\/v2\/posts\/3802\/revisions"}],"predecessor-version":[{"id":3815,"href":"https:\/\/zso4.szczecin.pl\/podstawowka\/wp-json\/wp\/v2\/posts\/3802\/revisions\/3815"}],"wp:featuredmedia":[{"embeddable":true,"href":"https:\/\/zso4.szczecin.pl\/podstawowka\/wp-json\/wp\/v2\/media\/1911"}],"wp:attachment":[{"href":"https:\/\/zso4.szczecin.pl\/podstawowka\/wp-json\/wp\/v2\/media?parent=3802"}],"wp:term":[{"taxonomy":"category","embeddable":true,"href":"https:\/\/zso4.szczecin.pl\/podstawowka\/wp-json\/wp\/v2\/categories?post=3802"},{"taxonomy":"post_tag","embeddable":true,"href":"https:\/\/zso4.szczecin.pl\/podstawowka\/wp-json\/wp\/v2\/tags?post=3802"}],"curies":[{"name":"wp","href":"https:\/\/api.w.org\/{rel}","templated":true}]}}