{"id":1743,"date":"2018-06-06T21:45:43","date_gmt":"2018-06-06T19:45:43","guid":{"rendered":"http:\/\/zso4.szczecin.pl\/podstawowka\/?p=1743"},"modified":"2018-06-07T11:25:57","modified_gmt":"2018-06-07T09:25:57","slug":"starsi-dla-mlodszych-3","status":"publish","type":"post","link":"https:\/\/zso4.szczecin.pl\/podstawowka\/2018\/06\/06\/starsi-dla-mlodszych-3\/","title":{"rendered":"Starsi dla m\u0142odszych &#8211; kolorowa chemia"},"content":{"rendered":"<p><span style=\"font-weight: 400;\">Dnia 06.06.2018r. odby\u0142o si\u0119 kolejne spotkanie uczni\u00f3w klasy pierwszej ze starszymi kolegami. Tym razem uczennice klasy 7a naszej szko\u0142y: Ala, Ola, Magda, Oliwia, Zuzia i Amelia pod opiek\u0105 pani Urszuli Stachiewicz, przeprowadzi\u0142y warsztaty \u201eKolorowa chemia\u201d, na kt\u00f3rych pierwszaki samodzielnie wykonywa\u0142y do\u015bwiadczenia chemiczne. \u00a0<\/span><\/p>\n\n\t\t<style type=\"text\/css\">\n\t\t\t#gallery-1 {\n\t\t\t\tmargin: auto;\n\t\t\t}\n\t\t\t#gallery-1 .gallery-item {\n\t\t\t\tfloat: left;\n\t\t\t\tmargin-top: 10px;\n\t\t\t\ttext-align: center;\n\t\t\t\twidth: 33%;\n\t\t\t}\n\t\t\t#gallery-1 img {\n\t\t\t\tborder: 2px solid #cfcfcf;\n\t\t\t}\n\t\t\t#gallery-1 .gallery-caption {\n\t\t\t\tmargin-left: 0;\n\t\t\t}\n\t\t\t\/* see gallery_shortcode() in wp-includes\/media.php *\/\n\t\t<\/style>\n\t\t<div id='gallery-1' class='gallery galleryid-1743 gallery-columns-3 gallery-size-medium'><dl class='gallery-item'>\n\t\t\t<dt class='gallery-icon landscape'>\n\t\t\t\t<a class=\"grouped_elements\" rel=\"tc-fancybox-group\" href=\"https:\/\/zso4.szczecin.pl\/podstawowka\/wp-content\/uploads\/sites\/3\/2018\/06\/Obraz-533.jpg\" title=\"Obraz 533\"><img width=\"300\" height=\"225\" src=\"https:\/\/zso4.szczecin.pl\/podstawowka\/wp-content\/uploads\/sites\/3\/2018\/06\/Obraz-533-300x225.jpg\" class=\"attachment-medium size-medium\" alt=\"\" loading=\"lazy\" srcset=\"https:\/\/zso4.szczecin.pl\/podstawowka\/wp-content\/uploads\/sites\/3\/2018\/06\/Obraz-533-300x225.jpg 300w, https:\/\/zso4.szczecin.pl\/podstawowka\/wp-content\/uploads\/sites\/3\/2018\/06\/Obraz-533-768x576.jpg 768w, https:\/\/zso4.szczecin.pl\/podstawowka\/wp-content\/uploads\/sites\/3\/2018\/06\/Obraz-533-1024x768.jpg 1024w, https:\/\/zso4.szczecin.pl\/podstawowka\/wp-content\/uploads\/sites\/3\/2018\/06\/Obraz-533.jpg 1280w\" sizes=\"(max-width: 300px) 100vw, 300px\" \/><\/a>\n\t\t\t<\/dt><\/dl><dl class='gallery-item'>\n\t\t\t<dt class='gallery-icon landscape'>\n\t\t\t\t<a class=\"grouped_elements\" rel=\"tc-fancybox-group\" href=\"https:\/\/zso4.szczecin.pl\/podstawowka\/wp-content\/uploads\/sites\/3\/2018\/06\/Obraz-536.jpg\" title=\"Obraz 536\"><img width=\"300\" height=\"225\" src=\"https:\/\/zso4.szczecin.pl\/podstawowka\/wp-content\/uploads\/sites\/3\/2018\/06\/Obraz-536-300x225.jpg\" class=\"attachment-medium size-medium\" alt=\"\" loading=\"lazy\" srcset=\"https:\/\/zso4.szczecin.pl\/podstawowka\/wp-content\/uploads\/sites\/3\/2018\/06\/Obraz-536-300x225.jpg 300w, https:\/\/zso4.szczecin.pl\/podstawowka\/wp-content\/uploads\/sites\/3\/2018\/06\/Obraz-536-768x576.jpg 768w, https:\/\/zso4.szczecin.pl\/podstawowka\/wp-content\/uploads\/sites\/3\/2018\/06\/Obraz-536-1024x768.jpg 1024w, https:\/\/zso4.szczecin.pl\/podstawowka\/wp-content\/uploads\/sites\/3\/2018\/06\/Obraz-536.jpg 1280w\" sizes=\"(max-width: 300px) 100vw, 300px\" \/><\/a>\n\t\t\t<\/dt><\/dl><dl class='gallery-item'>\n\t\t\t<dt class='gallery-icon landscape'>\n\t\t\t\t<a class=\"grouped_elements\" rel=\"tc-fancybox-group\" href=\"https:\/\/zso4.szczecin.pl\/podstawowka\/wp-content\/uploads\/sites\/3\/2018\/06\/Obraz-537.jpg\" title=\"Obraz 537\"><img width=\"300\" height=\"240\" src=\"https:\/\/zso4.szczecin.pl\/podstawowka\/wp-content\/uploads\/sites\/3\/2018\/06\/Obraz-537-300x240.jpg\" class=\"attachment-medium size-medium\" alt=\"\" loading=\"lazy\" srcset=\"https:\/\/zso4.szczecin.pl\/podstawowka\/wp-content\/uploads\/sites\/3\/2018\/06\/Obraz-537-300x240.jpg 300w, https:\/\/zso4.szczecin.pl\/podstawowka\/wp-content\/uploads\/sites\/3\/2018\/06\/Obraz-537-768x615.jpg 768w, https:\/\/zso4.szczecin.pl\/podstawowka\/wp-content\/uploads\/sites\/3\/2018\/06\/Obraz-537-1024x820.jpg 1024w, https:\/\/zso4.szczecin.pl\/podstawowka\/wp-content\/uploads\/sites\/3\/2018\/06\/Obraz-537.jpg 1280w\" sizes=\"(max-width: 300px) 100vw, 300px\" \/><\/a>\n\t\t\t<\/dt><\/dl><br style=\"clear: both\" \/><dl class='gallery-item'>\n\t\t\t<dt class='gallery-icon landscape'>\n\t\t\t\t<a class=\"grouped_elements\" rel=\"tc-fancybox-group\" href=\"https:\/\/zso4.szczecin.pl\/podstawowka\/wp-content\/uploads\/sites\/3\/2018\/06\/Obraz-542.jpg\" title=\"Obraz 542\"><img width=\"300\" height=\"225\" src=\"https:\/\/zso4.szczecin.pl\/podstawowka\/wp-content\/uploads\/sites\/3\/2018\/06\/Obraz-542-300x225.jpg\" class=\"attachment-medium size-medium\" alt=\"\" loading=\"lazy\" srcset=\"https:\/\/zso4.szczecin.pl\/podstawowka\/wp-content\/uploads\/sites\/3\/2018\/06\/Obraz-542-300x225.jpg 300w, https:\/\/zso4.szczecin.pl\/podstawowka\/wp-content\/uploads\/sites\/3\/2018\/06\/Obraz-542-768x576.jpg 768w, https:\/\/zso4.szczecin.pl\/podstawowka\/wp-content\/uploads\/sites\/3\/2018\/06\/Obraz-542-1024x768.jpg 1024w, https:\/\/zso4.szczecin.pl\/podstawowka\/wp-content\/uploads\/sites\/3\/2018\/06\/Obraz-542.jpg 1280w\" sizes=\"(max-width: 300px) 100vw, 300px\" \/><\/a>\n\t\t\t<\/dt><\/dl><dl class='gallery-item'>\n\t\t\t<dt class='gallery-icon landscape'>\n\t\t\t\t<a class=\"grouped_elements\" rel=\"tc-fancybox-group\" href=\"https:\/\/zso4.szczecin.pl\/podstawowka\/wp-content\/uploads\/sites\/3\/2018\/06\/Obraz-543.jpg\" title=\"Obraz 543\"><img width=\"300\" height=\"225\" src=\"https:\/\/zso4.szczecin.pl\/podstawowka\/wp-content\/uploads\/sites\/3\/2018\/06\/Obraz-543-300x225.jpg\" class=\"attachment-medium size-medium\" alt=\"\" loading=\"lazy\" srcset=\"https:\/\/zso4.szczecin.pl\/podstawowka\/wp-content\/uploads\/sites\/3\/2018\/06\/Obraz-543-300x225.jpg 300w, https:\/\/zso4.szczecin.pl\/podstawowka\/wp-content\/uploads\/sites\/3\/2018\/06\/Obraz-543-768x576.jpg 768w, https:\/\/zso4.szczecin.pl\/podstawowka\/wp-content\/uploads\/sites\/3\/2018\/06\/Obraz-543-1024x768.jpg 1024w, https:\/\/zso4.szczecin.pl\/podstawowka\/wp-content\/uploads\/sites\/3\/2018\/06\/Obraz-543.jpg 1280w\" sizes=\"(max-width: 300px) 100vw, 300px\" \/><\/a>\n\t\t\t<\/dt><\/dl><dl class='gallery-item'>\n\t\t\t<dt class='gallery-icon landscape'>\n\t\t\t\t<a class=\"grouped_elements\" rel=\"tc-fancybox-group\" href=\"https:\/\/zso4.szczecin.pl\/podstawowka\/wp-content\/uploads\/sites\/3\/2018\/06\/Obraz-548.jpg\" title=\"Obraz 548\"><img width=\"300\" height=\"225\" src=\"https:\/\/zso4.szczecin.pl\/podstawowka\/wp-content\/uploads\/sites\/3\/2018\/06\/Obraz-548-300x225.jpg\" class=\"attachment-medium size-medium\" alt=\"\" loading=\"lazy\" srcset=\"https:\/\/zso4.szczecin.pl\/podstawowka\/wp-content\/uploads\/sites\/3\/2018\/06\/Obraz-548-300x225.jpg 300w, https:\/\/zso4.szczecin.pl\/podstawowka\/wp-content\/uploads\/sites\/3\/2018\/06\/Obraz-548-768x576.jpg 768w, https:\/\/zso4.szczecin.pl\/podstawowka\/wp-content\/uploads\/sites\/3\/2018\/06\/Obraz-548-1024x768.jpg 1024w, https:\/\/zso4.szczecin.pl\/podstawowka\/wp-content\/uploads\/sites\/3\/2018\/06\/Obraz-548.jpg 1280w\" sizes=\"(max-width: 300px) 100vw, 300px\" \/><\/a>\n\t\t\t<\/dt><\/dl><br style=\"clear: both\" \/><dl class='gallery-item'>\n\t\t\t<dt class='gallery-icon landscape'>\n\t\t\t\t<a class=\"grouped_elements\" rel=\"tc-fancybox-group\" href=\"https:\/\/zso4.szczecin.pl\/podstawowka\/wp-content\/uploads\/sites\/3\/2018\/06\/Obraz-549.jpg\" title=\"Obraz 549\"><img width=\"300\" height=\"225\" src=\"https:\/\/zso4.szczecin.pl\/podstawowka\/wp-content\/uploads\/sites\/3\/2018\/06\/Obraz-549-300x225.jpg\" class=\"attachment-medium size-medium\" alt=\"\" loading=\"lazy\" srcset=\"https:\/\/zso4.szczecin.pl\/podstawowka\/wp-content\/uploads\/sites\/3\/2018\/06\/Obraz-549-300x225.jpg 300w, https:\/\/zso4.szczecin.pl\/podstawowka\/wp-content\/uploads\/sites\/3\/2018\/06\/Obraz-549-768x576.jpg 768w, https:\/\/zso4.szczecin.pl\/podstawowka\/wp-content\/uploads\/sites\/3\/2018\/06\/Obraz-549-1024x768.jpg 1024w, https:\/\/zso4.szczecin.pl\/podstawowka\/wp-content\/uploads\/sites\/3\/2018\/06\/Obraz-549.jpg 1280w\" sizes=\"(max-width: 300px) 100vw, 300px\" \/><\/a>\n\t\t\t<\/dt><\/dl><dl class='gallery-item'>\n\t\t\t<dt class='gallery-icon landscape'>\n\t\t\t\t<a class=\"grouped_elements\" rel=\"tc-fancybox-group\" href=\"https:\/\/zso4.szczecin.pl\/podstawowka\/wp-content\/uploads\/sites\/3\/2018\/06\/Obraz-551.jpg\" title=\"Obraz 551\"><img width=\"300\" height=\"225\" src=\"https:\/\/zso4.szczecin.pl\/podstawowka\/wp-content\/uploads\/sites\/3\/2018\/06\/Obraz-551-300x225.jpg\" class=\"attachment-medium size-medium\" alt=\"\" loading=\"lazy\" srcset=\"https:\/\/zso4.szczecin.pl\/podstawowka\/wp-content\/uploads\/sites\/3\/2018\/06\/Obraz-551-300x225.jpg 300w, https:\/\/zso4.szczecin.pl\/podstawowka\/wp-content\/uploads\/sites\/3\/2018\/06\/Obraz-551-768x576.jpg 768w, https:\/\/zso4.szczecin.pl\/podstawowka\/wp-content\/uploads\/sites\/3\/2018\/06\/Obraz-551-1024x768.jpg 1024w, https:\/\/zso4.szczecin.pl\/podstawowka\/wp-content\/uploads\/sites\/3\/2018\/06\/Obraz-551.jpg 1280w\" sizes=\"(max-width: 300px) 100vw, 300px\" \/><\/a>\n\t\t\t<\/dt><\/dl><dl class='gallery-item'>\n\t\t\t<dt class='gallery-icon landscape'>\n\t\t\t\t<a class=\"grouped_elements\" rel=\"tc-fancybox-group\" href=\"https:\/\/zso4.szczecin.pl\/podstawowka\/wp-content\/uploads\/sites\/3\/2018\/06\/Obraz-554.jpg\" title=\"Obraz 554\"><img width=\"300\" height=\"225\" src=\"https:\/\/zso4.szczecin.pl\/podstawowka\/wp-content\/uploads\/sites\/3\/2018\/06\/Obraz-554-300x225.jpg\" class=\"attachment-medium size-medium\" alt=\"\" loading=\"lazy\" srcset=\"https:\/\/zso4.szczecin.pl\/podstawowka\/wp-content\/uploads\/sites\/3\/2018\/06\/Obraz-554-300x225.jpg 300w, https:\/\/zso4.szczecin.pl\/podstawowka\/wp-content\/uploads\/sites\/3\/2018\/06\/Obraz-554-768x576.jpg 768w, https:\/\/zso4.szczecin.pl\/podstawowka\/wp-content\/uploads\/sites\/3\/2018\/06\/Obraz-554-1024x768.jpg 1024w, https:\/\/zso4.szczecin.pl\/podstawowka\/wp-content\/uploads\/sites\/3\/2018\/06\/Obraz-554.jpg 1280w\" sizes=\"(max-width: 300px) 100vw, 300px\" \/><\/a>\n\t\t\t<\/dt><\/dl><br style=\"clear: both\" \/>\n\t\t<\/div>\n\n","protected":false},"excerpt":{"rendered":"<p>Dnia 06.06.2018r. odby\u0142o si\u0119 kolejne spotkanie uczni\u00f3w klasy pierwszej ze starszymi kolegami. Tym razem uczennice klasy 7a naszej szko\u0142y: Ala, Ola, Magda, Oliwia, Zuzia i Amelia pod opiek\u0105 pani Urszuli Stachiewicz, przeprowadzi\u0142y warsztaty \u201eKolorowa chemia\u201d, na kt\u00f3rych pierwszaki samodzielnie wykonywa\u0142y do\u015bwiadczenia chemiczne. \u00a0<\/p>\n","protected":false},"author":1,"featured_media":1751,"comment_status":"open","ping_status":"open","sticky":false,"template":"","format":"standard","meta":{"_exactmetrics_skip_tracking":false,"_exactmetrics_sitenote_active":false,"_exactmetrics_sitenote_note":"","_exactmetrics_sitenote_category":0},"categories":[28,17,24,14],"tags":[],"_links":{"self":[{"href":"https:\/\/zso4.szczecin.pl\/podstawowka\/wp-json\/wp\/v2\/posts\/1743"}],"collection":[{"href":"https:\/\/zso4.szczecin.pl\/podstawowka\/wp-json\/wp\/v2\/posts"}],"about":[{"href":"https:\/\/zso4.szczecin.pl\/podstawowka\/wp-json\/wp\/v2\/types\/post"}],"author":[{"embeddable":true,"href":"https:\/\/zso4.szczecin.pl\/podstawowka\/wp-json\/wp\/v2\/users\/1"}],"replies":[{"embeddable":true,"href":"https:\/\/zso4.szczecin.pl\/podstawowka\/wp-json\/wp\/v2\/comments?post=1743"}],"version-history":[{"count":3,"href":"https:\/\/zso4.szczecin.pl\/podstawowka\/wp-json\/wp\/v2\/posts\/1743\/revisions"}],"predecessor-version":[{"id":1756,"href":"https:\/\/zso4.szczecin.pl\/podstawowka\/wp-json\/wp\/v2\/posts\/1743\/revisions\/1756"}],"wp:featuredmedia":[{"embeddable":true,"href":"https:\/\/zso4.szczecin.pl\/podstawowka\/wp-json\/wp\/v2\/media\/1751"}],"wp:attachment":[{"href":"https:\/\/zso4.szczecin.pl\/podstawowka\/wp-json\/wp\/v2\/media?parent=1743"}],"wp:term":[{"taxonomy":"category","embeddable":true,"href":"https:\/\/zso4.szczecin.pl\/podstawowka\/wp-json\/wp\/v2\/categories?post=1743"},{"taxonomy":"post_tag","embeddable":true,"href":"https:\/\/zso4.szczecin.pl\/podstawowka\/wp-json\/wp\/v2\/tags?post=1743"}],"curies":[{"name":"wp","href":"https:\/\/api.w.org\/{rel}","templated":true}]}}