{"id":1632,"date":"2018-05-20T22:07:44","date_gmt":"2018-05-20T20:07:44","guid":{"rendered":"http:\/\/zso4.szczecin.pl\/podstawowka\/?p=1632"},"modified":"2018-05-24T11:39:05","modified_gmt":"2018-05-24T09:39:05","slug":"indywidualne-mistrzostwa-szczecina-w-lekkiej-atletyce","status":"publish","type":"post","link":"https:\/\/zso4.szczecin.pl\/podstawowka\/2018\/05\/20\/indywidualne-mistrzostwa-szczecina-w-lekkiej-atletyce\/","title":{"rendered":"INDYWIDUALNE MISTRZOSTWA SZCZECINA W LEKKIEJ ATLETYCE"},"content":{"rendered":"<p>W dn. 14.05.2018r.\u00a0 na stadionie przy ul. Ho\u017cej przeprowadzono\u00a0 imprez\u0119 lekkoatletyczn\u0105 p.n. Indywidualne Mistrzostwa Szczecina w Lekkiej Atletyce dla szk\u00f3\u0142 gimnazjalnych naszego miasta.\u00a0\u00a0\u00a0\u00a0\u00a0 Zawody by\u0142y jednocze\u015bnie eliminacjami do Fina\u0142\u00f3w Wojew\u00f3dzkich, kt\u00f3re odb\u0119d\u0105 si\u0119 12 czerwca\u00a0 \u00a0w Bia\u0142ogardzie. Zasady eliminacji polegaj\u0105 na tym, \u017ce zwyci\u0119zca ka\u017cdej konkurencji awansuje\u00a0 \u00a0w spos\u00f3b bezpo\u015bredni. Prawo udzia\u0142u w Fina\u0142ach Wojew\u00f3dzkich maj\u0105 zwyci\u0119zcy zawod\u00f3w powiatowych (miasto Szczecin startuje na prawach powiatu). Do grona finalist\u00f3w do\u0142\u0105czy po czterech uczni\u00f3w w ka\u017cdej konkurencji, kt\u00f3rzy uzyskaj\u0105 najlepsze wyniki podczas mistrzostw powiat\u00f3w.<\/p>\n<p><a href=\"http:\/\/zso4.szczecin.pl\/podstawowka\/wp-content\/uploads\/sites\/3\/2018\/05\/running-2489290_640.jpg\"><img loading=\"lazy\" class=\"size-medium wp-image-1630 alignleft\" src=\"http:\/\/zso4.szczecin.pl\/podstawowka\/wp-content\/uploads\/sites\/3\/2018\/05\/running-2489290_640-200x300.jpg\" alt=\"\" width=\"200\" height=\"300\" srcset=\"https:\/\/zso4.szczecin.pl\/podstawowka\/wp-content\/uploads\/sites\/3\/2018\/05\/running-2489290_640-200x300.jpg 200w, https:\/\/zso4.szczecin.pl\/podstawowka\/wp-content\/uploads\/sites\/3\/2018\/05\/running-2489290_640.jpg 426w\" sizes=\"(max-width: 200px) 100vw, 200px\" \/><\/a>Bardzo dobrze w Mistrzostwach naszego miasta zaprezentowali si\u0119 nasi uczniowie, pi\u0119cioro z nich ma szans\u0119 udzia\u0142u w finale wojew\u00f3dzkim:<\/p>\n<p>&nbsp;<\/p>\n<blockquote><p>I m-ce\u00a0 Pogorzelski Wojciech\u00a0\u00a0 &#8211;\u00a0\u00a0 1000m<\/p>\n<p>I m-ce\u00a0 Brzozowski Dominik\u00a0\u00a0\u00a0\u00a0 &#8211;\u00a0\u00a0 300m<\/p>\n<p>III m-ce\u00a0 Aleksandra Smolska\u00a0\u00a0 &#8211;\u00a0\u00a0 100m<\/p><\/blockquote>\n<p>Ba\u0144kowski Kacper\u00a0\u00a0\u00a0\u00a0\u00a0\u00a0\u00a0\u00a0 \u2013\u00a0 wzwy\u017c (awans bezpo\u015bredni)<\/p>\n<p>Sk\u0142adanowski Damian\u00a0\u00a0 \u2013\u00a0 110m p.p\u0142. (awans bezpo\u015bredni).<\/p>\n<p>&nbsp;<\/p>\n<p>Gratulujemy i \u017cyczymy rekord\u00f3w \u017cyciowych w Bia\u0142ogardzie.<\/p>\n","protected":false},"excerpt":{"rendered":"<p>W dn. 14.05.2018r.\u00a0 na stadionie przy ul. Ho\u017cej przeprowadzono\u00a0 imprez\u0119 lekkoatletyczn\u0105 p.n. Indywidualne Mistrzostwa Szczecina w Lekkiej Atletyce dla szk\u00f3\u0142 gimnazjalnych naszego miasta.\u00a0\u00a0\u00a0\u00a0\u00a0 Zawody by\u0142y jednocze\u015bnie eliminacjami do Fina\u0142\u00f3w Wojew\u00f3dzkich, kt\u00f3re odb\u0119d\u0105 si\u0119 12 czerwca\u00a0 \u00a0w Bia\u0142ogardzie. Zasady eliminacji polegaj\u0105 na tym, \u017ce zwyci\u0119zca ka\u017cdej konkurencji awansuje\u00a0 \u00a0w spos\u00f3b bezpo\u015bredni. Prawo udzia\u0142u w Fina\u0142ach Wojew\u00f3dzkich [&hellip;]<\/p>\n","protected":false},"author":1,"featured_media":1630,"comment_status":"open","ping_status":"open","sticky":false,"template":"","format":"standard","meta":{"_exactmetrics_skip_tracking":false,"_exactmetrics_sitenote_active":false,"_exactmetrics_sitenote_note":"","_exactmetrics_sitenote_category":0},"categories":[22,4],"tags":[],"_links":{"self":[{"href":"https:\/\/zso4.szczecin.pl\/podstawowka\/wp-json\/wp\/v2\/posts\/1632"}],"collection":[{"href":"https:\/\/zso4.szczecin.pl\/podstawowka\/wp-json\/wp\/v2\/posts"}],"about":[{"href":"https:\/\/zso4.szczecin.pl\/podstawowka\/wp-json\/wp\/v2\/types\/post"}],"author":[{"embeddable":true,"href":"https:\/\/zso4.szczecin.pl\/podstawowka\/wp-json\/wp\/v2\/users\/1"}],"replies":[{"embeddable":true,"href":"https:\/\/zso4.szczecin.pl\/podstawowka\/wp-json\/wp\/v2\/comments?post=1632"}],"version-history":[{"count":1,"href":"https:\/\/zso4.szczecin.pl\/podstawowka\/wp-json\/wp\/v2\/posts\/1632\/revisions"}],"predecessor-version":[{"id":1633,"href":"https:\/\/zso4.szczecin.pl\/podstawowka\/wp-json\/wp\/v2\/posts\/1632\/revisions\/1633"}],"wp:featuredmedia":[{"embeddable":true,"href":"https:\/\/zso4.szczecin.pl\/podstawowka\/wp-json\/wp\/v2\/media\/1630"}],"wp:attachment":[{"href":"https:\/\/zso4.szczecin.pl\/podstawowka\/wp-json\/wp\/v2\/media?parent=1632"}],"wp:term":[{"taxonomy":"category","embeddable":true,"href":"https:\/\/zso4.szczecin.pl\/podstawowka\/wp-json\/wp\/v2\/categories?post=1632"},{"taxonomy":"post_tag","embeddable":true,"href":"https:\/\/zso4.szczecin.pl\/podstawowka\/wp-json\/wp\/v2\/tags?post=1632"}],"curies":[{"name":"wp","href":"https:\/\/api.w.org\/{rel}","templated":true}]}}