{"id":10160,"date":"2026-09-01T23:14:56","date_gmt":"2026-09-01T21:14:56","guid":{"rendered":"https:\/\/zso4.szczecin.pl\/podstawowka\/?p=10160"},"modified":"2026-09-01T23:15:07","modified_gmt":"2026-09-01T21:15:07","slug":"uroczyste-rozpoczecie-roku-szkolnego-2026-2027-w-sp2","status":"publish","type":"post","link":"https:\/\/zso4.szczecin.pl\/podstawowka\/2026\/09\/01\/uroczyste-rozpoczecie-roku-szkolnego-2026-2027-w-sp2\/","title":{"rendered":"UROCZYSTE ROZPOCZ\u0118CIE ROKU SZKOLNEGO 2026\/2027 W SP2\u00a0 \u00a0"},"content":{"rendered":"\n<p>Przed nami kolejny rok pe\u0142en nauki, nowych wyzwa\u0144, pi\u0119knych chwil i wsp\u00f3lnych sukces\u00f3w.\u00a0<\/p>\n\n\n\n<p><strong>Witajcie w roku szkolnym 2026\/2027!<\/strong>&nbsp;<br>Niech b\u0119dzie to czas rado\u015bci, rozwoju, przyja\u017ani i odkrywania nowych mo\u017cliwo\u015bci!<\/p>\n\n\n\n<figure class=\"wp-container-2 wp-block-gallery-1 wp-block-gallery has-nested-images columns-default is-cropped\">\n<figure class=\"wp-block-image size-large\"><img loading=\"lazy\" width=\"1244\" height=\"1913\" data-id=\"10161\"  src=\"https:\/\/zso4.szczecin.pl\/podstawowka\/wp-content\/uploads\/sites\/3\/2026\/09\/Uczniowie-na-rozpoczeciu-roku-szkolnego-1.jpg\" alt=\"\" class=\"wp-image-10161\" srcset=\"https:\/\/zso4.szczecin.pl\/podstawowka\/wp-content\/uploads\/sites\/3\/2026\/09\/Uczniowie-na-rozpoczeciu-roku-szkolnego-1.jpg 1244w, https:\/\/zso4.szczecin.pl\/podstawowka\/wp-content\/uploads\/sites\/3\/2026\/09\/Uczniowie-na-rozpoczeciu-roku-szkolnego-1-195x300.jpg 195w, https:\/\/zso4.szczecin.pl\/podstawowka\/wp-content\/uploads\/sites\/3\/2026\/09\/Uczniowie-na-rozpoczeciu-roku-szkolnego-1-666x1024.jpg 666w, https:\/\/zso4.szczecin.pl\/podstawowka\/wp-content\/uploads\/sites\/3\/2026\/09\/Uczniowie-na-rozpoczeciu-roku-szkolnego-1-768x1181.jpg 768w, https:\/\/zso4.szczecin.pl\/podstawowka\/wp-content\/uploads\/sites\/3\/2026\/09\/Uczniowie-na-rozpoczeciu-roku-szkolnego-1-999x1536.jpg 999w\" sizes=\"(max-width: 1244px) 100vw, 1244px\" \/><\/figure>\n\n\n\n<figure class=\"wp-block-image size-large\"><img loading=\"lazy\" width=\"1800\" height=\"1200\" data-id=\"10162\"  src=\"https:\/\/zso4.szczecin.pl\/podstawowka\/wp-content\/uploads\/sites\/3\/2026\/09\/Uczniowie-na-rozpoczeciu-roku-szkolnego-2.jpg\" alt=\"\" class=\"wp-image-10162\" srcset=\"https:\/\/zso4.szczecin.pl\/podstawowka\/wp-content\/uploads\/sites\/3\/2026\/09\/Uczniowie-na-rozpoczeciu-roku-szkolnego-2.jpg 1800w, https:\/\/zso4.szczecin.pl\/podstawowka\/wp-content\/uploads\/sites\/3\/2026\/09\/Uczniowie-na-rozpoczeciu-roku-szkolnego-2-300x200.jpg 300w, https:\/\/zso4.szczecin.pl\/podstawowka\/wp-content\/uploads\/sites\/3\/2026\/09\/Uczniowie-na-rozpoczeciu-roku-szkolnego-2-1024x683.jpg 1024w, https:\/\/zso4.szczecin.pl\/podstawowka\/wp-content\/uploads\/sites\/3\/2026\/09\/Uczniowie-na-rozpoczeciu-roku-szkolnego-2-768x512.jpg 768w, https:\/\/zso4.szczecin.pl\/podstawowka\/wp-content\/uploads\/sites\/3\/2026\/09\/Uczniowie-na-rozpoczeciu-roku-szkolnego-2-1536x1024.jpg 1536w\" sizes=\"(max-width: 1800px) 100vw, 1800px\" \/><\/figure>\n\n\n\n<figure class=\"wp-block-image size-large\"><img loading=\"lazy\" width=\"2100\" height=\"1400\" data-id=\"10163\"  src=\"https:\/\/zso4.szczecin.pl\/podstawowka\/wp-content\/uploads\/sites\/3\/2026\/09\/Uczniowie-na-rozpoczeciu-roku-szkolnego-3.jpg\" alt=\"\" class=\"wp-image-10163\" srcset=\"https:\/\/zso4.szczecin.pl\/podstawowka\/wp-content\/uploads\/sites\/3\/2026\/09\/Uczniowie-na-rozpoczeciu-roku-szkolnego-3.jpg 2100w, https:\/\/zso4.szczecin.pl\/podstawowka\/wp-content\/uploads\/sites\/3\/2026\/09\/Uczniowie-na-rozpoczeciu-roku-szkolnego-3-300x200.jpg 300w, https:\/\/zso4.szczecin.pl\/podstawowka\/wp-content\/uploads\/sites\/3\/2026\/09\/Uczniowie-na-rozpoczeciu-roku-szkolnego-3-1024x683.jpg 1024w, https:\/\/zso4.szczecin.pl\/podstawowka\/wp-content\/uploads\/sites\/3\/2026\/09\/Uczniowie-na-rozpoczeciu-roku-szkolnego-3-768x512.jpg 768w, https:\/\/zso4.szczecin.pl\/podstawowka\/wp-content\/uploads\/sites\/3\/2026\/09\/Uczniowie-na-rozpoczeciu-roku-szkolnego-3-1536x1024.jpg 1536w, https:\/\/zso4.szczecin.pl\/podstawowka\/wp-content\/uploads\/sites\/3\/2026\/09\/Uczniowie-na-rozpoczeciu-roku-szkolnego-3-2048x1365.jpg 2048w\" sizes=\"(max-width: 2100px) 100vw, 2100px\" \/><\/figure>\n\n\n\n<figure class=\"wp-block-image size-large\"><img loading=\"lazy\" width=\"1800\" height=\"1200\" data-id=\"10164\"  src=\"https:\/\/zso4.szczecin.pl\/podstawowka\/wp-content\/uploads\/sites\/3\/2026\/09\/Uczniowie-na-rozpoczeciu-roku-szkolnego-4.jpg\" alt=\"\" class=\"wp-image-10164\" srcset=\"https:\/\/zso4.szczecin.pl\/podstawowka\/wp-content\/uploads\/sites\/3\/2026\/09\/Uczniowie-na-rozpoczeciu-roku-szkolnego-4.jpg 1800w, https:\/\/zso4.szczecin.pl\/podstawowka\/wp-content\/uploads\/sites\/3\/2026\/09\/Uczniowie-na-rozpoczeciu-roku-szkolnego-4-300x200.jpg 300w, https:\/\/zso4.szczecin.pl\/podstawowka\/wp-content\/uploads\/sites\/3\/2026\/09\/Uczniowie-na-rozpoczeciu-roku-szkolnego-4-1024x683.jpg 1024w, https:\/\/zso4.szczecin.pl\/podstawowka\/wp-content\/uploads\/sites\/3\/2026\/09\/Uczniowie-na-rozpoczeciu-roku-szkolnego-4-768x512.jpg 768w, https:\/\/zso4.szczecin.pl\/podstawowka\/wp-content\/uploads\/sites\/3\/2026\/09\/Uczniowie-na-rozpoczeciu-roku-szkolnego-4-1536x1024.jpg 1536w\" sizes=\"(max-width: 1800px) 100vw, 1800px\" \/><\/figure>\n\n\n\n<figure class=\"wp-block-image size-large\"><img loading=\"lazy\" width=\"1800\" height=\"1200\" data-id=\"10165\"  src=\"https:\/\/zso4.szczecin.pl\/podstawowka\/wp-content\/uploads\/sites\/3\/2026\/09\/Uczniowie-na-rozpoczeciu-roku-szkolnego-5.jpg\" alt=\"\" class=\"wp-image-10165\" srcset=\"https:\/\/zso4.szczecin.pl\/podstawowka\/wp-content\/uploads\/sites\/3\/2026\/09\/Uczniowie-na-rozpoczeciu-roku-szkolnego-5.jpg 1800w, https:\/\/zso4.szczecin.pl\/podstawowka\/wp-content\/uploads\/sites\/3\/2026\/09\/Uczniowie-na-rozpoczeciu-roku-szkolnego-5-300x200.jpg 300w, https:\/\/zso4.szczecin.pl\/podstawowka\/wp-content\/uploads\/sites\/3\/2026\/09\/Uczniowie-na-rozpoczeciu-roku-szkolnego-5-1024x683.jpg 1024w, https:\/\/zso4.szczecin.pl\/podstawowka\/wp-content\/uploads\/sites\/3\/2026\/09\/Uczniowie-na-rozpoczeciu-roku-szkolnego-5-768x512.jpg 768w, https:\/\/zso4.szczecin.pl\/podstawowka\/wp-content\/uploads\/sites\/3\/2026\/09\/Uczniowie-na-rozpoczeciu-roku-szkolnego-5-1536x1024.jpg 1536w\" sizes=\"(max-width: 1800px) 100vw, 1800px\" \/><\/figure>\n\n\n\n<figure class=\"wp-block-image size-large\"><img loading=\"lazy\" width=\"2100\" height=\"1400\" data-id=\"10166\"  src=\"https:\/\/zso4.szczecin.pl\/podstawowka\/wp-content\/uploads\/sites\/3\/2026\/09\/Uczniowie-na-rozpoczeciu-roku-szkolnego-6.jpg\" alt=\"\" class=\"wp-image-10166\" srcset=\"https:\/\/zso4.szczecin.pl\/podstawowka\/wp-content\/uploads\/sites\/3\/2026\/09\/Uczniowie-na-rozpoczeciu-roku-szkolnego-6.jpg 2100w, https:\/\/zso4.szczecin.pl\/podstawowka\/wp-content\/uploads\/sites\/3\/2026\/09\/Uczniowie-na-rozpoczeciu-roku-szkolnego-6-300x200.jpg 300w, https:\/\/zso4.szczecin.pl\/podstawowka\/wp-content\/uploads\/sites\/3\/2026\/09\/Uczniowie-na-rozpoczeciu-roku-szkolnego-6-1024x683.jpg 1024w, https:\/\/zso4.szczecin.pl\/podstawowka\/wp-content\/uploads\/sites\/3\/2026\/09\/Uczniowie-na-rozpoczeciu-roku-szkolnego-6-768x512.jpg 768w, https:\/\/zso4.szczecin.pl\/podstawowka\/wp-content\/uploads\/sites\/3\/2026\/09\/Uczniowie-na-rozpoczeciu-roku-szkolnego-6-1536x1024.jpg 1536w, https:\/\/zso4.szczecin.pl\/podstawowka\/wp-content\/uploads\/sites\/3\/2026\/09\/Uczniowie-na-rozpoczeciu-roku-szkolnego-6-2048x1365.jpg 2048w\" sizes=\"(max-width: 2100px) 100vw, 2100px\" \/><\/figure>\n\n\n\n<figure class=\"wp-block-image size-large\"><img loading=\"lazy\" width=\"1800\" height=\"1200\" data-id=\"10167\"  src=\"https:\/\/zso4.szczecin.pl\/podstawowka\/wp-content\/uploads\/sites\/3\/2026\/09\/Uczniowie-na-rozpoczeciu-roku-szkolnego-7.jpg\" alt=\"\" class=\"wp-image-10167\" srcset=\"https:\/\/zso4.szczecin.pl\/podstawowka\/wp-content\/uploads\/sites\/3\/2026\/09\/Uczniowie-na-rozpoczeciu-roku-szkolnego-7.jpg 1800w, https:\/\/zso4.szczecin.pl\/podstawowka\/wp-content\/uploads\/sites\/3\/2026\/09\/Uczniowie-na-rozpoczeciu-roku-szkolnego-7-300x200.jpg 300w, https:\/\/zso4.szczecin.pl\/podstawowka\/wp-content\/uploads\/sites\/3\/2026\/09\/Uczniowie-na-rozpoczeciu-roku-szkolnego-7-1024x683.jpg 1024w, https:\/\/zso4.szczecin.pl\/podstawowka\/wp-content\/uploads\/sites\/3\/2026\/09\/Uczniowie-na-rozpoczeciu-roku-szkolnego-7-768x512.jpg 768w, https:\/\/zso4.szczecin.pl\/podstawowka\/wp-content\/uploads\/sites\/3\/2026\/09\/Uczniowie-na-rozpoczeciu-roku-szkolnego-7-1536x1024.jpg 1536w\" sizes=\"(max-width: 1800px) 100vw, 1800px\" \/><\/figure>\n\n\n\n<figure class=\"wp-block-image size-large\"><img loading=\"lazy\" width=\"2100\" height=\"1400\" data-id=\"10168\"  src=\"https:\/\/zso4.szczecin.pl\/podstawowka\/wp-content\/uploads\/sites\/3\/2026\/09\/Uczniowie-na-rozpoczeciu-roku-szkolnego-8.jpg\" alt=\"\" class=\"wp-image-10168\" srcset=\"https:\/\/zso4.szczecin.pl\/podstawowka\/wp-content\/uploads\/sites\/3\/2026\/09\/Uczniowie-na-rozpoczeciu-roku-szkolnego-8.jpg 2100w, https:\/\/zso4.szczecin.pl\/podstawowka\/wp-content\/uploads\/sites\/3\/2026\/09\/Uczniowie-na-rozpoczeciu-roku-szkolnego-8-300x200.jpg 300w, https:\/\/zso4.szczecin.pl\/podstawowka\/wp-content\/uploads\/sites\/3\/2026\/09\/Uczniowie-na-rozpoczeciu-roku-szkolnego-8-1024x683.jpg 1024w, https:\/\/zso4.szczecin.pl\/podstawowka\/wp-content\/uploads\/sites\/3\/2026\/09\/Uczniowie-na-rozpoczeciu-roku-szkolnego-8-768x512.jpg 768w, https:\/\/zso4.szczecin.pl\/podstawowka\/wp-content\/uploads\/sites\/3\/2026\/09\/Uczniowie-na-rozpoczeciu-roku-szkolnego-8-1536x1024.jpg 1536w, https:\/\/zso4.szczecin.pl\/podstawowka\/wp-content\/uploads\/sites\/3\/2026\/09\/Uczniowie-na-rozpoczeciu-roku-szkolnego-8-2048x1365.jpg 2048w\" sizes=\"(max-width: 2100px) 100vw, 2100px\" \/><\/figure>\n\n\n\n<figure class=\"wp-block-image size-large\"><img loading=\"lazy\" width=\"1358\" height=\"2071\" data-id=\"10169\"  src=\"https:\/\/zso4.szczecin.pl\/podstawowka\/wp-content\/uploads\/sites\/3\/2026\/09\/Uczniowie-na-rozpoczeciu-roku-szkolnego-9.jpg\" alt=\"\" class=\"wp-image-10169\" srcset=\"https:\/\/zso4.szczecin.pl\/podstawowka\/wp-content\/uploads\/sites\/3\/2026\/09\/Uczniowie-na-rozpoczeciu-roku-szkolnego-9.jpg 1358w, https:\/\/zso4.szczecin.pl\/podstawowka\/wp-content\/uploads\/sites\/3\/2026\/09\/Uczniowie-na-rozpoczeciu-roku-szkolnego-9-197x300.jpg 197w, https:\/\/zso4.szczecin.pl\/podstawowka\/wp-content\/uploads\/sites\/3\/2026\/09\/Uczniowie-na-rozpoczeciu-roku-szkolnego-9-671x1024.jpg 671w, https:\/\/zso4.szczecin.pl\/podstawowka\/wp-content\/uploads\/sites\/3\/2026\/09\/Uczniowie-na-rozpoczeciu-roku-szkolnego-9-768x1171.jpg 768w, https:\/\/zso4.szczecin.pl\/podstawowka\/wp-content\/uploads\/sites\/3\/2026\/09\/Uczniowie-na-rozpoczeciu-roku-szkolnego-9-1007x1536.jpg 1007w, https:\/\/zso4.szczecin.pl\/podstawowka\/wp-content\/uploads\/sites\/3\/2026\/09\/Uczniowie-na-rozpoczeciu-roku-szkolnego-9-1343x2048.jpg 1343w\" sizes=\"(max-width: 1358px) 100vw, 1358px\" \/><\/figure>\n\n\n\n<figure class=\"wp-block-image size-large\"><img loading=\"lazy\" width=\"1800\" height=\"1200\" data-id=\"10170\"  src=\"https:\/\/zso4.szczecin.pl\/podstawowka\/wp-content\/uploads\/sites\/3\/2026\/09\/Uczniowie-na-rozpoczeciu-roku-szkolnego-10.jpg\" alt=\"\" class=\"wp-image-10170\" srcset=\"https:\/\/zso4.szczecin.pl\/podstawowka\/wp-content\/uploads\/sites\/3\/2026\/09\/Uczniowie-na-rozpoczeciu-roku-szkolnego-10.jpg 1800w, https:\/\/zso4.szczecin.pl\/podstawowka\/wp-content\/uploads\/sites\/3\/2026\/09\/Uczniowie-na-rozpoczeciu-roku-szkolnego-10-300x200.jpg 300w, https:\/\/zso4.szczecin.pl\/podstawowka\/wp-content\/uploads\/sites\/3\/2026\/09\/Uczniowie-na-rozpoczeciu-roku-szkolnego-10-1024x683.jpg 1024w, https:\/\/zso4.szczecin.pl\/podstawowka\/wp-content\/uploads\/sites\/3\/2026\/09\/Uczniowie-na-rozpoczeciu-roku-szkolnego-10-768x512.jpg 768w, https:\/\/zso4.szczecin.pl\/podstawowka\/wp-content\/uploads\/sites\/3\/2026\/09\/Uczniowie-na-rozpoczeciu-roku-szkolnego-10-1536x1024.jpg 1536w\" sizes=\"(max-width: 1800px) 100vw, 1800px\" \/><\/figure>\n\n\n\n<figure class=\"wp-block-image size-large\"><img loading=\"lazy\" width=\"2100\" height=\"1400\" data-id=\"10171\"  src=\"https:\/\/zso4.szczecin.pl\/podstawowka\/wp-content\/uploads\/sites\/3\/2026\/09\/Uczniowie-na-rozpoczeciu-roku-szkolnego-11.jpg\" alt=\"\" class=\"wp-image-10171\" srcset=\"https:\/\/zso4.szczecin.pl\/podstawowka\/wp-content\/uploads\/sites\/3\/2026\/09\/Uczniowie-na-rozpoczeciu-roku-szkolnego-11.jpg 2100w, https:\/\/zso4.szczecin.pl\/podstawowka\/wp-content\/uploads\/sites\/3\/2026\/09\/Uczniowie-na-rozpoczeciu-roku-szkolnego-11-300x200.jpg 300w, https:\/\/zso4.szczecin.pl\/podstawowka\/wp-content\/uploads\/sites\/3\/2026\/09\/Uczniowie-na-rozpoczeciu-roku-szkolnego-11-1024x683.jpg 1024w, https:\/\/zso4.szczecin.pl\/podstawowka\/wp-content\/uploads\/sites\/3\/2026\/09\/Uczniowie-na-rozpoczeciu-roku-szkolnego-11-768x512.jpg 768w, https:\/\/zso4.szczecin.pl\/podstawowka\/wp-content\/uploads\/sites\/3\/2026\/09\/Uczniowie-na-rozpoczeciu-roku-szkolnego-11-1536x1024.jpg 1536w, https:\/\/zso4.szczecin.pl\/podstawowka\/wp-content\/uploads\/sites\/3\/2026\/09\/Uczniowie-na-rozpoczeciu-roku-szkolnego-11-2048x1365.jpg 2048w\" sizes=\"(max-width: 2100px) 100vw, 2100px\" \/><\/figure>\n\n\n\n<figure class=\"wp-block-image size-large\"><img loading=\"lazy\" width=\"2100\" height=\"1400\" data-id=\"10172\"  src=\"https:\/\/zso4.szczecin.pl\/podstawowka\/wp-content\/uploads\/sites\/3\/2026\/09\/Uczniowie-na-rozpoczeciu-roku-szkolnego-12.jpg\" alt=\"\" class=\"wp-image-10172\" srcset=\"https:\/\/zso4.szczecin.pl\/podstawowka\/wp-content\/uploads\/sites\/3\/2026\/09\/Uczniowie-na-rozpoczeciu-roku-szkolnego-12.jpg 2100w, https:\/\/zso4.szczecin.pl\/podstawowka\/wp-content\/uploads\/sites\/3\/2026\/09\/Uczniowie-na-rozpoczeciu-roku-szkolnego-12-300x200.jpg 300w, https:\/\/zso4.szczecin.pl\/podstawowka\/wp-content\/uploads\/sites\/3\/2026\/09\/Uczniowie-na-rozpoczeciu-roku-szkolnego-12-1024x683.jpg 1024w, https:\/\/zso4.szczecin.pl\/podstawowka\/wp-content\/uploads\/sites\/3\/2026\/09\/Uczniowie-na-rozpoczeciu-roku-szkolnego-12-768x512.jpg 768w, https:\/\/zso4.szczecin.pl\/podstawowka\/wp-content\/uploads\/sites\/3\/2026\/09\/Uczniowie-na-rozpoczeciu-roku-szkolnego-12-1536x1024.jpg 1536w, https:\/\/zso4.szczecin.pl\/podstawowka\/wp-content\/uploads\/sites\/3\/2026\/09\/Uczniowie-na-rozpoczeciu-roku-szkolnego-12-2048x1365.jpg 2048w\" sizes=\"(max-width: 2100px) 100vw, 2100px\" \/><\/figure>\n\n\n\n<figure class=\"wp-block-image size-large\"><img loading=\"lazy\" width=\"1800\" height=\"1200\" data-id=\"10173\"  src=\"https:\/\/zso4.szczecin.pl\/podstawowka\/wp-content\/uploads\/sites\/3\/2026\/09\/Uczniowie-na-rozpoczeciu-roku-szkolnego-13.jpg\" alt=\"\" class=\"wp-image-10173\" srcset=\"https:\/\/zso4.szczecin.pl\/podstawowka\/wp-content\/uploads\/sites\/3\/2026\/09\/Uczniowie-na-rozpoczeciu-roku-szkolnego-13.jpg 1800w, https:\/\/zso4.szczecin.pl\/podstawowka\/wp-content\/uploads\/sites\/3\/2026\/09\/Uczniowie-na-rozpoczeciu-roku-szkolnego-13-300x200.jpg 300w, https:\/\/zso4.szczecin.pl\/podstawowka\/wp-content\/uploads\/sites\/3\/2026\/09\/Uczniowie-na-rozpoczeciu-roku-szkolnego-13-1024x683.jpg 1024w, https:\/\/zso4.szczecin.pl\/podstawowka\/wp-content\/uploads\/sites\/3\/2026\/09\/Uczniowie-na-rozpoczeciu-roku-szkolnego-13-768x512.jpg 768w, https:\/\/zso4.szczecin.pl\/podstawowka\/wp-content\/uploads\/sites\/3\/2026\/09\/Uczniowie-na-rozpoczeciu-roku-szkolnego-13-1536x1024.jpg 1536w\" sizes=\"(max-width: 1800px) 100vw, 1800px\" \/><\/figure>\n\n\n\n<figure class=\"wp-block-image size-large\"><img loading=\"lazy\" width=\"1357\" height=\"2032\" data-id=\"10174\"  src=\"https:\/\/zso4.szczecin.pl\/podstawowka\/wp-content\/uploads\/sites\/3\/2026\/09\/Uczniowie-na-rozpoczeciu-roku-szkolnego-14.jpg\" alt=\"\" class=\"wp-image-10174\" srcset=\"https:\/\/zso4.szczecin.pl\/podstawowka\/wp-content\/uploads\/sites\/3\/2026\/09\/Uczniowie-na-rozpoczeciu-roku-szkolnego-14.jpg 1357w, https:\/\/zso4.szczecin.pl\/podstawowka\/wp-content\/uploads\/sites\/3\/2026\/09\/Uczniowie-na-rozpoczeciu-roku-szkolnego-14-200x300.jpg 200w, https:\/\/zso4.szczecin.pl\/podstawowka\/wp-content\/uploads\/sites\/3\/2026\/09\/Uczniowie-na-rozpoczeciu-roku-szkolnego-14-684x1024.jpg 684w, https:\/\/zso4.szczecin.pl\/podstawowka\/wp-content\/uploads\/sites\/3\/2026\/09\/Uczniowie-na-rozpoczeciu-roku-szkolnego-14-768x1150.jpg 768w, https:\/\/zso4.szczecin.pl\/podstawowka\/wp-content\/uploads\/sites\/3\/2026\/09\/Uczniowie-na-rozpoczeciu-roku-szkolnego-14-1026x1536.jpg 1026w\" sizes=\"(max-width: 1357px) 100vw, 1357px\" \/><\/figure>\n\n\n\n<figure class=\"wp-block-image size-large\"><img loading=\"lazy\" width=\"1400\" height=\"2100\" data-id=\"10175\"  src=\"https:\/\/zso4.szczecin.pl\/podstawowka\/wp-content\/uploads\/sites\/3\/2026\/09\/Uczniowie-na-rozpoczeciu-roku-szkolnego-15.jpg\" alt=\"\" class=\"wp-image-10175\" srcset=\"https:\/\/zso4.szczecin.pl\/podstawowka\/wp-content\/uploads\/sites\/3\/2026\/09\/Uczniowie-na-rozpoczeciu-roku-szkolnego-15.jpg 1400w, https:\/\/zso4.szczecin.pl\/podstawowka\/wp-content\/uploads\/sites\/3\/2026\/09\/Uczniowie-na-rozpoczeciu-roku-szkolnego-15-200x300.jpg 200w, https:\/\/zso4.szczecin.pl\/podstawowka\/wp-content\/uploads\/sites\/3\/2026\/09\/Uczniowie-na-rozpoczeciu-roku-szkolnego-15-683x1024.jpg 683w, https:\/\/zso4.szczecin.pl\/podstawowka\/wp-content\/uploads\/sites\/3\/2026\/09\/Uczniowie-na-rozpoczeciu-roku-szkolnego-15-768x1152.jpg 768w, https:\/\/zso4.szczecin.pl\/podstawowka\/wp-content\/uploads\/sites\/3\/2026\/09\/Uczniowie-na-rozpoczeciu-roku-szkolnego-15-1024x1536.jpg 1024w, https:\/\/zso4.szczecin.pl\/podstawowka\/wp-content\/uploads\/sites\/3\/2026\/09\/Uczniowie-na-rozpoczeciu-roku-szkolnego-15-1365x2048.jpg 1365w\" sizes=\"(max-width: 1400px) 100vw, 1400px\" \/><\/figure>\n\n\n\n<figure class=\"wp-block-image size-large\"><img loading=\"lazy\" width=\"1200\" height=\"1800\" data-id=\"10176\"  src=\"https:\/\/zso4.szczecin.pl\/podstawowka\/wp-content\/uploads\/sites\/3\/2026\/09\/Uczniowie-na-rozpoczeciu-roku-szkolnego-16.jpg\" alt=\"\" class=\"wp-image-10176\" srcset=\"https:\/\/zso4.szczecin.pl\/podstawowka\/wp-content\/uploads\/sites\/3\/2026\/09\/Uczniowie-na-rozpoczeciu-roku-szkolnego-16.jpg 1200w, https:\/\/zso4.szczecin.pl\/podstawowka\/wp-content\/uploads\/sites\/3\/2026\/09\/Uczniowie-na-rozpoczeciu-roku-szkolnego-16-200x300.jpg 200w, https:\/\/zso4.szczecin.pl\/podstawowka\/wp-content\/uploads\/sites\/3\/2026\/09\/Uczniowie-na-rozpoczeciu-roku-szkolnego-16-683x1024.jpg 683w, https:\/\/zso4.szczecin.pl\/podstawowka\/wp-content\/uploads\/sites\/3\/2026\/09\/Uczniowie-na-rozpoczeciu-roku-szkolnego-16-768x1152.jpg 768w, https:\/\/zso4.szczecin.pl\/podstawowka\/wp-content\/uploads\/sites\/3\/2026\/09\/Uczniowie-na-rozpoczeciu-roku-szkolnego-16-1024x1536.jpg 1024w\" sizes=\"(max-width: 1200px) 100vw, 1200px\" \/><\/figure>\n\n\n\n<figure class=\"wp-block-image size-large\"><img loading=\"lazy\" width=\"1400\" height=\"2100\" data-id=\"10177\"  src=\"https:\/\/zso4.szczecin.pl\/podstawowka\/wp-content\/uploads\/sites\/3\/2026\/09\/Uczniowie-na-rozpoczeciu-roku-szkolnego-17.jpg\" alt=\"\" class=\"wp-image-10177\" srcset=\"https:\/\/zso4.szczecin.pl\/podstawowka\/wp-content\/uploads\/sites\/3\/2026\/09\/Uczniowie-na-rozpoczeciu-roku-szkolnego-17.jpg 1400w, https:\/\/zso4.szczecin.pl\/podstawowka\/wp-content\/uploads\/sites\/3\/2026\/09\/Uczniowie-na-rozpoczeciu-roku-szkolnego-17-200x300.jpg 200w, https:\/\/zso4.szczecin.pl\/podstawowka\/wp-content\/uploads\/sites\/3\/2026\/09\/Uczniowie-na-rozpoczeciu-roku-szkolnego-17-683x1024.jpg 683w, https:\/\/zso4.szczecin.pl\/podstawowka\/wp-content\/uploads\/sites\/3\/2026\/09\/Uczniowie-na-rozpoczeciu-roku-szkolnego-17-768x1152.jpg 768w, https:\/\/zso4.szczecin.pl\/podstawowka\/wp-content\/uploads\/sites\/3\/2026\/09\/Uczniowie-na-rozpoczeciu-roku-szkolnego-17-1024x1536.jpg 1024w, https:\/\/zso4.szczecin.pl\/podstawowka\/wp-content\/uploads\/sites\/3\/2026\/09\/Uczniowie-na-rozpoczeciu-roku-szkolnego-17-1365x2048.jpg 1365w\" sizes=\"(max-width: 1400px) 100vw, 1400px\" \/><\/figure>\n\n\n\n<figure class=\"wp-block-image size-large\"><img loading=\"lazy\" width=\"2100\" height=\"1400\" data-id=\"10178\"  src=\"https:\/\/zso4.szczecin.pl\/podstawowka\/wp-content\/uploads\/sites\/3\/2026\/09\/Uczniowie-na-rozpoczeciu-roku-szkolnego-18.jpg\" alt=\"\" class=\"wp-image-10178\" srcset=\"https:\/\/zso4.szczecin.pl\/podstawowka\/wp-content\/uploads\/sites\/3\/2026\/09\/Uczniowie-na-rozpoczeciu-roku-szkolnego-18.jpg 2100w, https:\/\/zso4.szczecin.pl\/podstawowka\/wp-content\/uploads\/sites\/3\/2026\/09\/Uczniowie-na-rozpoczeciu-roku-szkolnego-18-300x200.jpg 300w, https:\/\/zso4.szczecin.pl\/podstawowka\/wp-content\/uploads\/sites\/3\/2026\/09\/Uczniowie-na-rozpoczeciu-roku-szkolnego-18-1024x683.jpg 1024w, https:\/\/zso4.szczecin.pl\/podstawowka\/wp-content\/uploads\/sites\/3\/2026\/09\/Uczniowie-na-rozpoczeciu-roku-szkolnego-18-768x512.jpg 768w, https:\/\/zso4.szczecin.pl\/podstawowka\/wp-content\/uploads\/sites\/3\/2026\/09\/Uczniowie-na-rozpoczeciu-roku-szkolnego-18-1536x1024.jpg 1536w, https:\/\/zso4.szczecin.pl\/podstawowka\/wp-content\/uploads\/sites\/3\/2026\/09\/Uczniowie-na-rozpoczeciu-roku-szkolnego-18-2048x1365.jpg 2048w\" sizes=\"(max-width: 2100px) 100vw, 2100px\" \/><\/figure>\n\n\n\n<figure class=\"wp-block-image size-large\"><img loading=\"lazy\" width=\"2100\" height=\"1400\" data-id=\"10179\"  src=\"https:\/\/zso4.szczecin.pl\/podstawowka\/wp-content\/uploads\/sites\/3\/2026\/09\/Uczniowie-na-rozpoczeciu-roku-szkolnego-19.jpg\" alt=\"\" class=\"wp-image-10179\" srcset=\"https:\/\/zso4.szczecin.pl\/podstawowka\/wp-content\/uploads\/sites\/3\/2026\/09\/Uczniowie-na-rozpoczeciu-roku-szkolnego-19.jpg 2100w, https:\/\/zso4.szczecin.pl\/podstawowka\/wp-content\/uploads\/sites\/3\/2026\/09\/Uczniowie-na-rozpoczeciu-roku-szkolnego-19-300x200.jpg 300w, https:\/\/zso4.szczecin.pl\/podstawowka\/wp-content\/uploads\/sites\/3\/2026\/09\/Uczniowie-na-rozpoczeciu-roku-szkolnego-19-1024x683.jpg 1024w, https:\/\/zso4.szczecin.pl\/podstawowka\/wp-content\/uploads\/sites\/3\/2026\/09\/Uczniowie-na-rozpoczeciu-roku-szkolnego-19-768x512.jpg 768w, https:\/\/zso4.szczecin.pl\/podstawowka\/wp-content\/uploads\/sites\/3\/2026\/09\/Uczniowie-na-rozpoczeciu-roku-szkolnego-19-1536x1024.jpg 1536w, https:\/\/zso4.szczecin.pl\/podstawowka\/wp-content\/uploads\/sites\/3\/2026\/09\/Uczniowie-na-rozpoczeciu-roku-szkolnego-19-2048x1365.jpg 2048w\" sizes=\"(max-width: 2100px) 100vw, 2100px\" \/><\/figure>\n<\/figure>\n","protected":false},"excerpt":{"rendered":"<p>Przed nami kolejny rok pe\u0142en nauki, nowych wyzwa\u0144, pi\u0119knych chwil i wsp\u00f3lnych sukces\u00f3w.\u00a0 Witajcie w roku szkolnym 2026\/2027!&nbsp;Niech b\u0119dzie to czas rado\u015bci, rozwoju, przyja\u017ani i odkrywania nowych mo\u017cliwo\u015bci!<\/p>\n","protected":false},"author":1,"featured_media":10177,"comment_status":"open","ping_status":"open","sticky":false,"template":"","format":"standard","meta":{"_exactmetrics_skip_tracking":false,"_exactmetrics_sitenote_active":false,"_exactmetrics_sitenote_note":"","_exactmetrics_sitenote_category":0},"categories":[1],"tags":[],"_links":{"self":[{"href":"https:\/\/zso4.szczecin.pl\/podstawowka\/wp-json\/wp\/v2\/posts\/10160"}],"collection":[{"href":"https:\/\/zso4.szczecin.pl\/podstawowka\/wp-json\/wp\/v2\/posts"}],"about":[{"href":"https:\/\/zso4.szczecin.pl\/podstawowka\/wp-json\/wp\/v2\/types\/post"}],"author":[{"embeddable":true,"href":"https:\/\/zso4.szczecin.pl\/podstawowka\/wp-json\/wp\/v2\/users\/1"}],"replies":[{"embeddable":true,"href":"https:\/\/zso4.szczecin.pl\/podstawowka\/wp-json\/wp\/v2\/comments?post=10160"}],"version-history":[{"count":1,"href":"https:\/\/zso4.szczecin.pl\/podstawowka\/wp-json\/wp\/v2\/posts\/10160\/revisions"}],"predecessor-version":[{"id":10180,"href":"https:\/\/zso4.szczecin.pl\/podstawowka\/wp-json\/wp\/v2\/posts\/10160\/revisions\/10180"}],"wp:featuredmedia":[{"embeddable":true,"href":"https:\/\/zso4.szczecin.pl\/podstawowka\/wp-json\/wp\/v2\/media\/10177"}],"wp:attachment":[{"href":"https:\/\/zso4.szczecin.pl\/podstawowka\/wp-json\/wp\/v2\/media?parent=10160"}],"wp:term":[{"taxonomy":"category","embeddable":true,"href":"https:\/\/zso4.szczecin.pl\/podstawowka\/wp-json\/wp\/v2\/categories?post=10160"},{"taxonomy":"post_tag","embeddable":true,"href":"https:\/\/zso4.szczecin.pl\/podstawowka\/wp-json\/wp\/v2\/tags?post=10160"}],"curies":[{"name":"wp","href":"https:\/\/api.w.org\/{rel}","templated":true}]}}