{"id":937,"date":"2018-02-07T22:03:09","date_gmt":"2018-02-07T21:03:09","guid":{"rendered":"http:\/\/zso4.szczecin.pl\/liceum\/?p=937"},"modified":"2018-02-07T22:03:09","modified_gmt":"2018-02-07T21:03:09","slug":"wieczor-w-teatrze","status":"publish","type":"post","link":"https:\/\/zso4.szczecin.pl\/liceum\/2018\/02\/07\/wieczor-w-teatrze\/","title":{"rendered":"Wiecz\u00f3r w teatrze"},"content":{"rendered":"<p>Dnia 06.02.2018 r. uczniowie XI LO i SP2 (klasy gimnazjalne) wraz z opiekunami p. S. Pa\u0144czuk -Mura, A.Dzikowsk\u0105 i B. Dorna obejrzeli spektakl Teatru Polskiego &#8222;Okno na parlament&#8221;.Teatr Polski zafundowa\u0142 swoim widzom dwie godziny oczyszczaj\u0105cego \u015bmiechu. W spektaklu jest wszystko czego wymaga si\u0119 od porz\u0105dnej komedii: trup w szafie, zamiana r\u00f3l, precyzyjnie skonstruowana intryga i brawurowe tempo akcji. Kto nie mia\u0142 jeszcze okazji obejrze\u0107 \u00a0&#8211; gor\u0105co polecamy.<\/p>\n\n\t\t<style type=\"text\/css\">\n\t\t\t#gallery-1 {\n\t\t\t\tmargin: auto;\n\t\t\t}\n\t\t\t#gallery-1 .gallery-item {\n\t\t\t\tfloat: left;\n\t\t\t\tmargin-top: 10px;\n\t\t\t\ttext-align: center;\n\t\t\t\twidth: 50%;\n\t\t\t}\n\t\t\t#gallery-1 img {\n\t\t\t\tborder: 2px solid #cfcfcf;\n\t\t\t}\n\t\t\t#gallery-1 .gallery-caption {\n\t\t\t\tmargin-left: 0;\n\t\t\t}\n\t\t\t\/* see gallery_shortcode() in wp-includes\/media.php *\/\n\t\t<\/style>\n\t\t<div id='gallery-1' class='gallery galleryid-937 gallery-columns-2 gallery-size-large'><dl class='gallery-item'>\n\t\t\t<dt class='gallery-icon landscape'>\n\t\t\t\t<a class=\"grouped_elements\" rel=\"tc-fancybox-group\" href=\"https:\/\/zso4.szczecin.pl\/liceum\/wp-content\/uploads\/sites\/6\/2018\/02\/5C73590C-5ADB-4077-A87C-883ECE21BBE0.jpeg\" title=\"5C73590C-5ADB-4077-A87C-883ECE21BBE0\"><img width=\"600\" height=\"450\" src=\"https:\/\/zso4.szczecin.pl\/liceum\/wp-content\/uploads\/sites\/6\/2018\/02\/5C73590C-5ADB-4077-A87C-883ECE21BBE0.jpeg\" class=\"attachment-large size-large\" alt=\"\" loading=\"lazy\" srcset=\"https:\/\/zso4.szczecin.pl\/liceum\/wp-content\/uploads\/sites\/6\/2018\/02\/5C73590C-5ADB-4077-A87C-883ECE21BBE0.jpeg 600w, https:\/\/zso4.szczecin.pl\/liceum\/wp-content\/uploads\/sites\/6\/2018\/02\/5C73590C-5ADB-4077-A87C-883ECE21BBE0-300x225.jpeg 300w\" sizes=\"(max-width: 600px) 100vw, 600px\" \/><\/a>\n\t\t\t<\/dt><\/dl><dl class='gallery-item'>\n\t\t\t<dt class='gallery-icon landscape'>\n\t\t\t\t<a class=\"grouped_elements\" rel=\"tc-fancybox-group\" href=\"https:\/\/zso4.szczecin.pl\/liceum\/wp-content\/uploads\/sites\/6\/2018\/02\/61E137CF-0575-426F-9F18-A22F568CD0FC.jpeg\" title=\"61E137CF-0575-426F-9F18-A22F568CD0FC\"><img width=\"600\" height=\"450\" src=\"https:\/\/zso4.szczecin.pl\/liceum\/wp-content\/uploads\/sites\/6\/2018\/02\/61E137CF-0575-426F-9F18-A22F568CD0FC.jpeg\" class=\"attachment-large size-large\" alt=\"\" loading=\"lazy\" srcset=\"https:\/\/zso4.szczecin.pl\/liceum\/wp-content\/uploads\/sites\/6\/2018\/02\/61E137CF-0575-426F-9F18-A22F568CD0FC.jpeg 600w, https:\/\/zso4.szczecin.pl\/liceum\/wp-content\/uploads\/sites\/6\/2018\/02\/61E137CF-0575-426F-9F18-A22F568CD0FC-300x225.jpeg 300w\" sizes=\"(max-width: 600px) 100vw, 600px\" \/><\/a>\n\t\t\t<\/dt><\/dl><br style=\"clear: both\" \/><dl class='gallery-item'>\n\t\t\t<dt class='gallery-icon landscape'>\n\t\t\t\t<a class=\"grouped_elements\" rel=\"tc-fancybox-group\" href=\"https:\/\/zso4.szczecin.pl\/liceum\/wp-content\/uploads\/sites\/6\/2018\/02\/584A04B0-7189-4D1B-B369-386B4D54616A.jpeg\" title=\"584A04B0-7189-4D1B-B369-386B4D54616A\"><img width=\"600\" height=\"450\" src=\"https:\/\/zso4.szczecin.pl\/liceum\/wp-content\/uploads\/sites\/6\/2018\/02\/584A04B0-7189-4D1B-B369-386B4D54616A.jpeg\" class=\"attachment-large size-large\" alt=\"\" loading=\"lazy\" srcset=\"https:\/\/zso4.szczecin.pl\/liceum\/wp-content\/uploads\/sites\/6\/2018\/02\/584A04B0-7189-4D1B-B369-386B4D54616A.jpeg 600w, https:\/\/zso4.szczecin.pl\/liceum\/wp-content\/uploads\/sites\/6\/2018\/02\/584A04B0-7189-4D1B-B369-386B4D54616A-300x225.jpeg 300w\" sizes=\"(max-width: 600px) 100vw, 600px\" \/><\/a>\n\t\t\t<\/dt><\/dl><dl class='gallery-item'>\n\t\t\t<dt class='gallery-icon landscape'>\n\t\t\t\t<a class=\"grouped_elements\" rel=\"tc-fancybox-group\" href=\"https:\/\/zso4.szczecin.pl\/liceum\/wp-content\/uploads\/sites\/6\/2018\/02\/77689F83-BF57-4586-8FB5-E9C8F420B10D.jpeg\" title=\"77689F83-BF57-4586-8FB5-E9C8F420B10D\"><img width=\"600\" height=\"450\" src=\"https:\/\/zso4.szczecin.pl\/liceum\/wp-content\/uploads\/sites\/6\/2018\/02\/77689F83-BF57-4586-8FB5-E9C8F420B10D.jpeg\" class=\"attachment-large size-large\" alt=\"\" loading=\"lazy\" srcset=\"https:\/\/zso4.szczecin.pl\/liceum\/wp-content\/uploads\/sites\/6\/2018\/02\/77689F83-BF57-4586-8FB5-E9C8F420B10D.jpeg 600w, https:\/\/zso4.szczecin.pl\/liceum\/wp-content\/uploads\/sites\/6\/2018\/02\/77689F83-BF57-4586-8FB5-E9C8F420B10D-300x225.jpeg 300w\" sizes=\"(max-width: 600px) 100vw, 600px\" \/><\/a>\n\t\t\t<\/dt><\/dl><br style=\"clear: both\" \/><dl class='gallery-item'>\n\t\t\t<dt class='gallery-icon landscape'>\n\t\t\t\t<a class=\"grouped_elements\" rel=\"tc-fancybox-group\" href=\"https:\/\/zso4.szczecin.pl\/liceum\/wp-content\/uploads\/sites\/6\/2018\/02\/EE2EC6A0-1791-4F94-9534-F415FB25EA62.jpeg\" title=\"EE2EC6A0-1791-4F94-9534-F415FB25EA62\"><img width=\"600\" height=\"450\" src=\"https:\/\/zso4.szczecin.pl\/liceum\/wp-content\/uploads\/sites\/6\/2018\/02\/EE2EC6A0-1791-4F94-9534-F415FB25EA62.jpeg\" class=\"attachment-large size-large\" alt=\"\" loading=\"lazy\" srcset=\"https:\/\/zso4.szczecin.pl\/liceum\/wp-content\/uploads\/sites\/6\/2018\/02\/EE2EC6A0-1791-4F94-9534-F415FB25EA62.jpeg 600w, https:\/\/zso4.szczecin.pl\/liceum\/wp-content\/uploads\/sites\/6\/2018\/02\/EE2EC6A0-1791-4F94-9534-F415FB25EA62-300x225.jpeg 300w\" sizes=\"(max-width: 600px) 100vw, 600px\" \/><\/a>\n\t\t\t<\/dt><\/dl>\n\t\t\t<br style='clear: both' \/>\n\t\t<\/div>\n\n","protected":false},"excerpt":{"rendered":"<p>Dnia 06.02.2018 r. uczniowie XI LO i SP2 (klasy gimnazjalne) wraz z opiekunami p. S. Pa\u0144czuk -Mura, A.Dzikowsk\u0105 i B. Dorna obejrzeli spektakl Teatru Polskiego &#8222;Okno na parlament&#8221;.Teatr Polski zafundowa\u0142 swoim widzom dwie godziny oczyszczaj\u0105cego \u015bmiechu. W spektaklu jest wszystko czego wymaga si\u0119 od porz\u0105dnej komedii: trup w szafie, zamiana r\u00f3l, precyzyjnie skonstruowana intryga i [&hellip;]<\/p>\n","protected":false},"author":1,"featured_media":0,"comment_status":"open","ping_status":"open","sticky":false,"template":"","format":"standard","meta":{"_exactmetrics_skip_tracking":false,"_exactmetrics_sitenote_active":false,"_exactmetrics_sitenote_note":"","_exactmetrics_sitenote_category":0},"categories":[18],"tags":[],"_links":{"self":[{"href":"https:\/\/zso4.szczecin.pl\/liceum\/wp-json\/wp\/v2\/posts\/937"}],"collection":[{"href":"https:\/\/zso4.szczecin.pl\/liceum\/wp-json\/wp\/v2\/posts"}],"about":[{"href":"https:\/\/zso4.szczecin.pl\/liceum\/wp-json\/wp\/v2\/types\/post"}],"author":[{"embeddable":true,"href":"https:\/\/zso4.szczecin.pl\/liceum\/wp-json\/wp\/v2\/users\/1"}],"replies":[{"embeddable":true,"href":"https:\/\/zso4.szczecin.pl\/liceum\/wp-json\/wp\/v2\/comments?post=937"}],"version-history":[{"count":1,"href":"https:\/\/zso4.szczecin.pl\/liceum\/wp-json\/wp\/v2\/posts\/937\/revisions"}],"predecessor-version":[{"id":943,"href":"https:\/\/zso4.szczecin.pl\/liceum\/wp-json\/wp\/v2\/posts\/937\/revisions\/943"}],"wp:attachment":[{"href":"https:\/\/zso4.szczecin.pl\/liceum\/wp-json\/wp\/v2\/media?parent=937"}],"wp:term":[{"taxonomy":"category","embeddable":true,"href":"https:\/\/zso4.szczecin.pl\/liceum\/wp-json\/wp\/v2\/categories?post=937"},{"taxonomy":"post_tag","embeddable":true,"href":"https:\/\/zso4.szczecin.pl\/liceum\/wp-json\/wp\/v2\/tags?post=937"}],"curies":[{"name":"wp","href":"https:\/\/api.w.org\/{rel}","templated":true}]}}