{"id":6525,"date":"2024-12-09T22:21:29","date_gmt":"2024-12-09T21:21:29","guid":{"rendered":"https:\/\/zso4.szczecin.pl\/liceum\/?p=6525"},"modified":"2024-12-09T22:27:36","modified_gmt":"2024-12-09T21:27:36","slug":"miedzynarodowy-dzien-praw-czlowieka-gala-w-urzedzie-marszalkowskim","status":"publish","type":"post","link":"https:\/\/zso4.szczecin.pl\/liceum\/2024\/12\/09\/miedzynarodowy-dzien-praw-czlowieka-gala-w-urzedzie-marszalkowskim\/","title":{"rendered":"Mi\u0119dzynarodowy Dzie\u0144 Praw Cz\u0142owieka \u00a0&#8211; gala w Urz\u0119dzie Marsza\u0142kowskim"},"content":{"rendered":"\n<p>Dnia 09.12.2024r. w &nbsp;Urz\u0119dzie Marsza\u0142kowskim Wojew\u00f3dztwa Zachodniopomorskiego nasza dru\u017cyna debat oksfordzkich w sk\u0142adzie: Elizaweta Dziubenko, Olga \u015awi\u0105tek, Nicolas Zieleniewicz, Olgierd Klonowski, Maciej Ob\u0142oza, odebra\u0142a nagrod\u0119 za zaj\u0119cie I miejsca w turnieju debat. Nagrod\u0119 wr\u0119czy\u0142 Marsza\u0142ek Wojew\u00f3dztwa Zachodniopomorskiego &#8211; Olgierd Geblewicz.<\/p>\n\n\n\n<p>&nbsp;<\/p>\n\n\n\n<figure class=\"wp-block-image\"><img src=\"blob:https:\/\/zso4.szczecin.pl\/4a5e6e2d-524b-441c-b9d3-11f5768220a6\" alt=\"\"\/><\/figure>\n\n\n\n<figure class=\"wp-block-image\"><img src=\"blob:https:\/\/zso4.szczecin.pl\/ba0c297e-c87d-4e53-93d8-aa4ecf4e542e\" alt=\"\"\/><\/figure>\n\n\n\n<figure class=\"wp-block-image\"><img alt=\"\"\/><\/figure>\n\n\n\n<figure class=\"wp-block-image size-large\"><img loading=\"lazy\" width=\"1024\" height=\"681\" src=\"https:\/\/zso4.szczecin.pl\/liceum\/wp-content\/uploads\/sites\/6\/2024\/12\/Miedzynarodowy-Dzien-Praw-Czlowieka-gala-w-Urzedzie-Marszalkowskim-1024x681.jpeg\" alt=\"Miedzynarodowy Dzien Praw Czlowieka gala w Urzedzie Marszalkowskim\" class=\"wp-image-6527\" srcset=\"https:\/\/zso4.szczecin.pl\/liceum\/wp-content\/uploads\/sites\/6\/2024\/12\/Miedzynarodowy-Dzien-Praw-Czlowieka-gala-w-Urzedzie-Marszalkowskim-1024x681.jpeg 1024w, https:\/\/zso4.szczecin.pl\/liceum\/wp-content\/uploads\/sites\/6\/2024\/12\/Miedzynarodowy-Dzien-Praw-Czlowieka-gala-w-Urzedzie-Marszalkowskim-300x200.jpeg 300w, https:\/\/zso4.szczecin.pl\/liceum\/wp-content\/uploads\/sites\/6\/2024\/12\/Miedzynarodowy-Dzien-Praw-Czlowieka-gala-w-Urzedzie-Marszalkowskim-768x511.jpeg 768w, https:\/\/zso4.szczecin.pl\/liceum\/wp-content\/uploads\/sites\/6\/2024\/12\/Miedzynarodowy-Dzien-Praw-Czlowieka-gala-w-Urzedzie-Marszalkowskim.jpeg 1100w\" sizes=\"(max-width: 1024px) 100vw, 1024px\" \/><figcaption>Miedzynarodowy Dzien Praw Czlowieka gala w Urzedzie Marszalkowskim<\/figcaption><\/figure>\n\n\n\n<figure class=\"wp-block-image size-large\"><img loading=\"lazy\" width=\"1024\" height=\"461\" src=\"https:\/\/zso4.szczecin.pl\/liceum\/wp-content\/uploads\/sites\/6\/2024\/12\/Debada--1024x461.jpg\" alt=\"Debada\" class=\"wp-image-6526\" srcset=\"https:\/\/zso4.szczecin.pl\/liceum\/wp-content\/uploads\/sites\/6\/2024\/12\/Debada--1024x461.jpg 1024w, https:\/\/zso4.szczecin.pl\/liceum\/wp-content\/uploads\/sites\/6\/2024\/12\/Debada--300x135.jpg 300w, https:\/\/zso4.szczecin.pl\/liceum\/wp-content\/uploads\/sites\/6\/2024\/12\/Debada--768x346.jpg 768w, https:\/\/zso4.szczecin.pl\/liceum\/wp-content\/uploads\/sites\/6\/2024\/12\/Debada--1536x691.jpg 1536w, https:\/\/zso4.szczecin.pl\/liceum\/wp-content\/uploads\/sites\/6\/2024\/12\/Debada-.jpg 1600w\" sizes=\"(max-width: 1024px) 100vw, 1024px\" \/><figcaption>Debata<\/figcaption><\/figure>\n","protected":false},"excerpt":{"rendered":"<p>Dnia 09.12.2024r. w &nbsp;Urz\u0119dzie Marsza\u0142kowskim Wojew\u00f3dztwa Zachodniopomorskiego nasza dru\u017cyna debat oksfordzkich w sk\u0142adzie: Elizaweta Dziubenko, Olga \u015awi\u0105tek, Nicolas Zieleniewicz, Olgierd Klonowski, Maciej Ob\u0142oza, odebra\u0142a nagrod\u0119 za zaj\u0119cie I miejsca w turnieju debat. Nagrod\u0119 wr\u0119czy\u0142 Marsza\u0142ek Wojew\u00f3dztwa Zachodniopomorskiego &#8211; Olgierd Geblewicz. &nbsp;<\/p>\n","protected":false},"author":1,"featured_media":6546,"comment_status":"open","ping_status":"open","sticky":false,"template":"","format":"standard","meta":{"_exactmetrics_skip_tracking":false,"_exactmetrics_sitenote_active":false,"_exactmetrics_sitenote_note":"","_exactmetrics_sitenote_category":0},"categories":[1],"tags":[],"_links":{"self":[{"href":"https:\/\/zso4.szczecin.pl\/liceum\/wp-json\/wp\/v2\/posts\/6525"}],"collection":[{"href":"https:\/\/zso4.szczecin.pl\/liceum\/wp-json\/wp\/v2\/posts"}],"about":[{"href":"https:\/\/zso4.szczecin.pl\/liceum\/wp-json\/wp\/v2\/types\/post"}],"author":[{"embeddable":true,"href":"https:\/\/zso4.szczecin.pl\/liceum\/wp-json\/wp\/v2\/users\/1"}],"replies":[{"embeddable":true,"href":"https:\/\/zso4.szczecin.pl\/liceum\/wp-json\/wp\/v2\/comments?post=6525"}],"version-history":[{"count":2,"href":"https:\/\/zso4.szczecin.pl\/liceum\/wp-json\/wp\/v2\/posts\/6525\/revisions"}],"predecessor-version":[{"id":6551,"href":"https:\/\/zso4.szczecin.pl\/liceum\/wp-json\/wp\/v2\/posts\/6525\/revisions\/6551"}],"wp:featuredmedia":[{"embeddable":true,"href":"https:\/\/zso4.szczecin.pl\/liceum\/wp-json\/wp\/v2\/media\/6546"}],"wp:attachment":[{"href":"https:\/\/zso4.szczecin.pl\/liceum\/wp-json\/wp\/v2\/media?parent=6525"}],"wp:term":[{"taxonomy":"category","embeddable":true,"href":"https:\/\/zso4.szczecin.pl\/liceum\/wp-json\/wp\/v2\/categories?post=6525"},{"taxonomy":"post_tag","embeddable":true,"href":"https:\/\/zso4.szczecin.pl\/liceum\/wp-json\/wp\/v2\/tags?post=6525"}],"curies":[{"name":"wp","href":"https:\/\/api.w.org\/{rel}","templated":true}]}}