{"id":6220,"date":"2024-10-08T09:47:41","date_gmt":"2024-10-08T07:47:41","guid":{"rendered":"https:\/\/zso4.szczecin.pl\/liceum\/?p=6220"},"modified":"2024-10-08T09:47:42","modified_gmt":"2024-10-08T07:47:42","slug":"wolontariusze-zso-4-wznawiaja-dzialalnosc-pomoc-dla-powodzian","status":"publish","type":"post","link":"https:\/\/zso4.szczecin.pl\/liceum\/2024\/10\/08\/wolontariusze-zso-4-wznawiaja-dzialalnosc-pomoc-dla-powodzian\/","title":{"rendered":"Wolontariusze ZSO 4 wznawiaj\u0105 dzia\u0142alno\u015b\u0107. Pomoc dla powodzian."},"content":{"rendered":"\n<p>W roku szkolnym 2024\/25 do wolontariuszy&nbsp; XI L0 do\u0142\u0105czyli uczniowie&nbsp; Szko\u0142y Podstawowej nr 2. I to najm\u0142odsi wolontariusze byli przede wszystkim odpowiedzialni za organizacj\u0119 nowej inicjatywy w naszej szkole.<\/p>\n\n\n\n<p>&nbsp;&nbsp;&nbsp;&nbsp;&nbsp;&nbsp;&nbsp;&nbsp;&nbsp;&nbsp;&nbsp; Jacek Janiak, Kawaler Orderu U\u015bmiechu 2013, w porozumieniu z niekt\u00f3rymi szczeci\u0144skimi szko\u0142ami&nbsp; zaproponowa\u0142&nbsp; przeprowadzenie zbi\u00f3rki artyku\u0142\u00f3w szkolnych dla dzieci i m\u0142odzie\u017cy dotkni\u0119tych powodzi\u0105 ze Szko\u0142y Podstawowej nr 3 im. Kawaler\u00f3w U\u015bmiechu w G\u0142ucho\u0142azach . Przyst\u0105pili do niej uczniowie ZSO 4, a w ramach akcji zebrano przede wszystkim:<\/p>\n\n\n\n<p>&#8211;&nbsp;kredki, o\u0142\u00f3wki, pisaki, d\u0142ugopisy,<\/p>\n\n\n\n<p>&#8211;&nbsp;bloki rysunkowe, techniczne, kolorowe,<\/p>\n\n\n\n<p>&#8211;&nbsp;linijki, ekierki, cyrkle, no\u017cyczki, temper\u00f3wki,<\/p>\n\n\n\n<p>&#8211; plakatowe, akwarelowe, p\u0119dzle,<\/p>\n\n\n\n<p>&#8211;&nbsp;zeszyty, notesy,<\/p>\n\n\n\n<p>&#8211; pi\u00f3rniki, plecaki.<\/p>\n\n\n\n<p>W ramach pomocy powodzianom wolontariusze ZSO 4 do\u0142\u0105czyli te\u017c do akcji Caritas,&nbsp; zbieraj\u0105c \u015brodki czysto\u015bci.<\/p>\n\n\n\n<p>Akcje zako\u0144czy\u0142y si\u0119 du\u017cym powodzeniem.<\/p>\n\n\n\n<p>Wszystkie zebrane dary zosta\u0142y przekazane pokrzywdzonym.<\/p>\n\n\n\n<p>Dzi\u0119kujemy wszystkim za ka\u017cd\u0105 okazan\u0105 pomoc.<\/p>\n\n\n\n<figure class=\"wp-container-2 wp-block-gallery-1 wp-block-gallery has-nested-images columns-default is-cropped\">\n<figure class=\"wp-block-image size-large\"><img loading=\"lazy\" width=\"1080\" height=\"1440\" data-id=\"6221\"  src=\"https:\/\/zso4.szczecin.pl\/liceum\/wp-content\/uploads\/sites\/6\/2024\/10\/FB_IMG_1728068615553.jpg\" alt=\"Wolontariusze ZSO 4 wznawiaj\u0105 dzia\u0142alno\u015b\u0107. Pomoc dla powodzian. \t W roku szkolnym 2024\/25 do wolontariuszy  XI L0 do\u0142\u0105czyli uczniowie  Szko\u0142y Podstawowej nr 2. I to najm\u0142odsi wolontariusze byli przede wszystkim odpowiedzialni za organizacj\u0119 nowej inicjatywy w naszej szkole.  \tJacek Janiak, Kawaler Orderu U\u015bmiechu 2013, w porozumieniu z niekt\u00f3rymi szczeci\u0144skimi szko\u0142ami  zaproponowa\u0142  przeprowadzenie zbi\u00f3rki artyku\u0142\u00f3w szkolnych dla dzieci i m\u0142odzie\u017cy dotkni\u0119tych powodzi\u0105 ze Szko\u0142y Podstawowej nr 3 im. Kawaler\u00f3w U\u015bmiechu w G\u0142ucho\u0142azach . Przyst\u0105pili do niej uczniowie ZSO 4, a w ramach akcji zebrano przede wszystkim: - kredki, o\u0142\u00f3wki, pisaki, d\u0142ugopisy, - bloki rysunkowe, techniczne, kolorowe, - linijki, ekierki, cyrkle, no\u017cyczki, temper\u00f3wki, - plakatowe, akwarelowe, p\u0119dzle, - zeszyty, notesy, - pi\u00f3rniki, plecaki. W ramach pomocy powodzianom wolontariusze ZSO 4 do\u0142\u0105czyli te\u017c do akcji Caritas,  zbieraj\u0105c \u015brodki czysto\u015bci.  Akcje zako\u0144czy\u0142y si\u0119 du\u017cym powodzeniem. Wszystkie zebrane dary zosta\u0142y przekazane pokrzywdzonym. Dzi\u0119kujemy wszystkim za ka\u017cd\u0105 okazan\u0105 pomoc.\" class=\"wp-image-6221\" srcset=\"https:\/\/zso4.szczecin.pl\/liceum\/wp-content\/uploads\/sites\/6\/2024\/10\/FB_IMG_1728068615553.jpg 1080w, https:\/\/zso4.szczecin.pl\/liceum\/wp-content\/uploads\/sites\/6\/2024\/10\/FB_IMG_1728068615553-225x300.jpg 225w, https:\/\/zso4.szczecin.pl\/liceum\/wp-content\/uploads\/sites\/6\/2024\/10\/FB_IMG_1728068615553-768x1024.jpg 768w\" sizes=\"(max-width: 1080px) 100vw, 1080px\" \/><figcaption>FB IMG 1728068615553<\/figcaption><\/figure>\n\n\n\n<figure class=\"wp-block-image size-large\"><img loading=\"lazy\" width=\"2560\" height=\"1920\" data-id=\"6222\"  src=\"https:\/\/zso4.szczecin.pl\/liceum\/wp-content\/uploads\/sites\/6\/2024\/10\/IMG_20240923_082906-scaled.jpg\" alt=\"Dary dla powodzian\" class=\"wp-image-6222\" srcset=\"https:\/\/zso4.szczecin.pl\/liceum\/wp-content\/uploads\/sites\/6\/2024\/10\/IMG_20240923_082906-scaled.jpg 2560w, https:\/\/zso4.szczecin.pl\/liceum\/wp-content\/uploads\/sites\/6\/2024\/10\/IMG_20240923_082906-300x225.jpg 300w, https:\/\/zso4.szczecin.pl\/liceum\/wp-content\/uploads\/sites\/6\/2024\/10\/IMG_20240923_082906-1024x768.jpg 1024w, https:\/\/zso4.szczecin.pl\/liceum\/wp-content\/uploads\/sites\/6\/2024\/10\/IMG_20240923_082906-768x576.jpg 768w, https:\/\/zso4.szczecin.pl\/liceum\/wp-content\/uploads\/sites\/6\/2024\/10\/IMG_20240923_082906-1536x1152.jpg 1536w, https:\/\/zso4.szczecin.pl\/liceum\/wp-content\/uploads\/sites\/6\/2024\/10\/IMG_20240923_082906-2048x1536.jpg 2048w\" sizes=\"(max-width: 2560px) 100vw, 2560px\" \/><figcaption>IMG 20240923 082906<\/figcaption><\/figure>\n\n\n\n<figure class=\"wp-block-image size-large\"><img loading=\"lazy\" width=\"2560\" height=\"1920\" data-id=\"6223\"  src=\"https:\/\/zso4.szczecin.pl\/liceum\/wp-content\/uploads\/sites\/6\/2024\/10\/IMG_20240923_084052-scaled.jpg\" alt=\"Wolontariusze ZSO 4 wznawiaj\u0105 dzia\u0142alno\u015b\u0107. Pomoc dla powodzian. \t W roku szkolnym 2024\/25 do wolontariuszy  XI L0 do\u0142\u0105czyli uczniowie  Szko\u0142y Podstawowej nr 2. I to najm\u0142odsi wolontariusze byli przede wszystkim odpowiedzialni za organizacj\u0119 nowej inicjatywy w naszej szkole.  \tJacek Janiak, Kawaler Orderu U\u015bmiechu 2013, w porozumieniu z niekt\u00f3rymi szczeci\u0144skimi szko\u0142ami  zaproponowa\u0142  przeprowadzenie zbi\u00f3rki artyku\u0142\u00f3w szkolnych dla dzieci i m\u0142odzie\u017cy dotkni\u0119tych powodzi\u0105 ze Szko\u0142y Podstawowej nr 3 im. Kawaler\u00f3w U\u015bmiechu w G\u0142ucho\u0142azach . Przyst\u0105pili do niej uczniowie ZSO 4, a w ramach akcji zebrano przede wszystkim: - kredki, o\u0142\u00f3wki, pisaki, d\u0142ugopisy, - bloki rysunkowe, techniczne, kolorowe, - linijki, ekierki, cyrkle, no\u017cyczki, temper\u00f3wki, - plakatowe, akwarelowe, p\u0119dzle, - zeszyty, notesy, - pi\u00f3rniki, plecaki. W ramach pomocy powodzianom wolontariusze ZSO 4 do\u0142\u0105czyli te\u017c do akcji Caritas,  zbieraj\u0105c \u015brodki czysto\u015bci.  Akcje zako\u0144czy\u0142y si\u0119 du\u017cym powodzeniem. Wszystkie zebrane dary zosta\u0142y przekazane pokrzywdzonym. Dzi\u0119kujemy wszystkim za ka\u017cd\u0105 okazan\u0105 pomoc.\" class=\"wp-image-6223\" srcset=\"https:\/\/zso4.szczecin.pl\/liceum\/wp-content\/uploads\/sites\/6\/2024\/10\/IMG_20240923_084052-scaled.jpg 2560w, https:\/\/zso4.szczecin.pl\/liceum\/wp-content\/uploads\/sites\/6\/2024\/10\/IMG_20240923_084052-300x225.jpg 300w, https:\/\/zso4.szczecin.pl\/liceum\/wp-content\/uploads\/sites\/6\/2024\/10\/IMG_20240923_084052-1024x768.jpg 1024w, https:\/\/zso4.szczecin.pl\/liceum\/wp-content\/uploads\/sites\/6\/2024\/10\/IMG_20240923_084052-768x576.jpg 768w, https:\/\/zso4.szczecin.pl\/liceum\/wp-content\/uploads\/sites\/6\/2024\/10\/IMG_20240923_084052-1536x1152.jpg 1536w, https:\/\/zso4.szczecin.pl\/liceum\/wp-content\/uploads\/sites\/6\/2024\/10\/IMG_20240923_084052-2048x1536.jpg 2048w\" sizes=\"(max-width: 2560px) 100vw, 2560px\" \/><figcaption>IMG 20240923 084052<\/figcaption><\/figure>\n\n\n\n<figure class=\"wp-block-image size-large\"><img loading=\"lazy\" width=\"2560\" height=\"1920\" data-id=\"6224\"  src=\"https:\/\/zso4.szczecin.pl\/liceum\/wp-content\/uploads\/sites\/6\/2024\/10\/IMG_20240923_084134-scaled.jpg\" alt=\"Dary dla powodzian\" class=\"wp-image-6224\" srcset=\"https:\/\/zso4.szczecin.pl\/liceum\/wp-content\/uploads\/sites\/6\/2024\/10\/IMG_20240923_084134-scaled.jpg 2560w, https:\/\/zso4.szczecin.pl\/liceum\/wp-content\/uploads\/sites\/6\/2024\/10\/IMG_20240923_084134-300x225.jpg 300w, https:\/\/zso4.szczecin.pl\/liceum\/wp-content\/uploads\/sites\/6\/2024\/10\/IMG_20240923_084134-1024x768.jpg 1024w, https:\/\/zso4.szczecin.pl\/liceum\/wp-content\/uploads\/sites\/6\/2024\/10\/IMG_20240923_084134-768x576.jpg 768w, https:\/\/zso4.szczecin.pl\/liceum\/wp-content\/uploads\/sites\/6\/2024\/10\/IMG_20240923_084134-1536x1152.jpg 1536w, https:\/\/zso4.szczecin.pl\/liceum\/wp-content\/uploads\/sites\/6\/2024\/10\/IMG_20240923_084134-2048x1536.jpg 2048w\" sizes=\"(max-width: 2560px) 100vw, 2560px\" \/><figcaption>IMG 20240923 084134<\/figcaption><\/figure>\n\n\n\n<figure class=\"wp-block-image size-large\"><img loading=\"lazy\" width=\"2560\" height=\"1920\" data-id=\"6225\"  src=\"https:\/\/zso4.szczecin.pl\/liceum\/wp-content\/uploads\/sites\/6\/2024\/10\/IMG_20240923_091419-scaled.jpg\" alt=\"Wolontariusze ZSO 4 wznawiaj\u0105 dzia\u0142alno\u015b\u0107. Pomoc dla powodzian. \t W roku szkolnym 2024\/25 do wolontariuszy  XI L0 do\u0142\u0105czyli uczniowie  Szko\u0142y Podstawowej nr 2. I to najm\u0142odsi wolontariusze byli przede wszystkim odpowiedzialni za organizacj\u0119 nowej inicjatywy w naszej szkole.  \tJacek Janiak, Kawaler Orderu U\u015bmiechu 2013, w porozumieniu z niekt\u00f3rymi szczeci\u0144skimi szko\u0142ami  zaproponowa\u0142  przeprowadzenie zbi\u00f3rki artyku\u0142\u00f3w szkolnych dla dzieci i m\u0142odzie\u017cy dotkni\u0119tych powodzi\u0105 ze Szko\u0142y Podstawowej nr 3 im. Kawaler\u00f3w U\u015bmiechu w G\u0142ucho\u0142azach . Przyst\u0105pili do niej uczniowie ZSO 4, a w ramach akcji zebrano przede wszystkim: - kredki, o\u0142\u00f3wki, pisaki, d\u0142ugopisy, - bloki rysunkowe, techniczne, kolorowe, - linijki, ekierki, cyrkle, no\u017cyczki, temper\u00f3wki, - plakatowe, akwarelowe, p\u0119dzle, - zeszyty, notesy, - pi\u00f3rniki, plecaki. W ramach pomocy powodzianom wolontariusze ZSO 4 do\u0142\u0105czyli te\u017c do akcji Caritas,  zbieraj\u0105c \u015brodki czysto\u015bci.  Akcje zako\u0144czy\u0142y si\u0119 du\u017cym powodzeniem. Wszystkie zebrane dary zosta\u0142y przekazane pokrzywdzonym. Dzi\u0119kujemy wszystkim za ka\u017cd\u0105 okazan\u0105 pomoc.\" class=\"wp-image-6225\" srcset=\"https:\/\/zso4.szczecin.pl\/liceum\/wp-content\/uploads\/sites\/6\/2024\/10\/IMG_20240923_091419-scaled.jpg 2560w, https:\/\/zso4.szczecin.pl\/liceum\/wp-content\/uploads\/sites\/6\/2024\/10\/IMG_20240923_091419-300x225.jpg 300w, https:\/\/zso4.szczecin.pl\/liceum\/wp-content\/uploads\/sites\/6\/2024\/10\/IMG_20240923_091419-1024x768.jpg 1024w, https:\/\/zso4.szczecin.pl\/liceum\/wp-content\/uploads\/sites\/6\/2024\/10\/IMG_20240923_091419-768x576.jpg 768w, https:\/\/zso4.szczecin.pl\/liceum\/wp-content\/uploads\/sites\/6\/2024\/10\/IMG_20240923_091419-1536x1152.jpg 1536w, https:\/\/zso4.szczecin.pl\/liceum\/wp-content\/uploads\/sites\/6\/2024\/10\/IMG_20240923_091419-2048x1536.jpg 2048w\" sizes=\"(max-width: 2560px) 100vw, 2560px\" \/><figcaption>IMG 20240923 091419<\/figcaption><\/figure>\n\n\n\n<figure class=\"wp-block-image size-large\"><img loading=\"lazy\" width=\"2560\" height=\"1920\" data-id=\"6226\"  src=\"https:\/\/zso4.szczecin.pl\/liceum\/wp-content\/uploads\/sites\/6\/2024\/10\/IMG_20240923_091458-scaled.jpg\" alt=\"Wolontariusze ZSO 4 wznawiaj\u0105 dzia\u0142alno\u015b\u0107. Pomoc dla powodzian. \t W roku szkolnym 2024\/25 do wolontariuszy  XI L0 do\u0142\u0105czyli uczniowie  Szko\u0142y Podstawowej nr 2. I to najm\u0142odsi wolontariusze byli przede wszystkim odpowiedzialni za organizacj\u0119 nowej inicjatywy w naszej szkole.  \tJacek Janiak, Kawaler Orderu U\u015bmiechu 2013, w porozumieniu z niekt\u00f3rymi szczeci\u0144skimi szko\u0142ami  zaproponowa\u0142  przeprowadzenie zbi\u00f3rki artyku\u0142\u00f3w szkolnych dla dzieci i m\u0142odzie\u017cy dotkni\u0119tych powodzi\u0105 ze Szko\u0142y Podstawowej nr 3 im. Kawaler\u00f3w U\u015bmiechu w G\u0142ucho\u0142azach . Przyst\u0105pili do niej uczniowie ZSO 4, a w ramach akcji zebrano przede wszystkim: - kredki, o\u0142\u00f3wki, pisaki, d\u0142ugopisy, - bloki rysunkowe, techniczne, kolorowe, - linijki, ekierki, cyrkle, no\u017cyczki, temper\u00f3wki, - plakatowe, akwarelowe, p\u0119dzle, - zeszyty, notesy, - pi\u00f3rniki, plecaki. W ramach pomocy powodzianom wolontariusze ZSO 4 do\u0142\u0105czyli te\u017c do akcji Caritas,  zbieraj\u0105c \u015brodki czysto\u015bci.  Akcje zako\u0144czy\u0142y si\u0119 du\u017cym powodzeniem. Wszystkie zebrane dary zosta\u0142y przekazane pokrzywdzonym. Dzi\u0119kujemy wszystkim za ka\u017cd\u0105 okazan\u0105 pomoc.\" class=\"wp-image-6226\" srcset=\"https:\/\/zso4.szczecin.pl\/liceum\/wp-content\/uploads\/sites\/6\/2024\/10\/IMG_20240923_091458-scaled.jpg 2560w, https:\/\/zso4.szczecin.pl\/liceum\/wp-content\/uploads\/sites\/6\/2024\/10\/IMG_20240923_091458-300x225.jpg 300w, https:\/\/zso4.szczecin.pl\/liceum\/wp-content\/uploads\/sites\/6\/2024\/10\/IMG_20240923_091458-1024x768.jpg 1024w, https:\/\/zso4.szczecin.pl\/liceum\/wp-content\/uploads\/sites\/6\/2024\/10\/IMG_20240923_091458-768x576.jpg 768w, https:\/\/zso4.szczecin.pl\/liceum\/wp-content\/uploads\/sites\/6\/2024\/10\/IMG_20240923_091458-1536x1152.jpg 1536w, https:\/\/zso4.szczecin.pl\/liceum\/wp-content\/uploads\/sites\/6\/2024\/10\/IMG_20240923_091458-2048x1536.jpg 2048w\" sizes=\"(max-width: 2560px) 100vw, 2560px\" \/><figcaption>IMG 20240923 091458<\/figcaption><\/figure>\n\n\n\n<figure class=\"wp-block-image size-large\"><img loading=\"lazy\" width=\"2560\" height=\"1920\" data-id=\"6227\"  src=\"https:\/\/zso4.szczecin.pl\/liceum\/wp-content\/uploads\/sites\/6\/2024\/10\/IMG_20240925_105802-scaled.jpg\" alt=\"Wolontariusze ZSO 4 wznawiaj\u0105 dzia\u0142alno\u015b\u0107. Pomoc dla powodzian. \t W roku szkolnym 2024\/25 do wolontariuszy  XI L0 do\u0142\u0105czyli uczniowie  Szko\u0142y Podstawowej nr 2. I to najm\u0142odsi wolontariusze byli przede wszystkim odpowiedzialni za organizacj\u0119 nowej inicjatywy w naszej szkole.  \tJacek Janiak, Kawaler Orderu U\u015bmiechu 2013, w porozumieniu z niekt\u00f3rymi szczeci\u0144skimi szko\u0142ami  zaproponowa\u0142  przeprowadzenie zbi\u00f3rki artyku\u0142\u00f3w szkolnych dla dzieci i m\u0142odzie\u017cy dotkni\u0119tych powodzi\u0105 ze Szko\u0142y Podstawowej nr 3 im. Kawaler\u00f3w U\u015bmiechu w G\u0142ucho\u0142azach . Przyst\u0105pili do niej uczniowie ZSO 4, a w ramach akcji zebrano przede wszystkim: - kredki, o\u0142\u00f3wki, pisaki, d\u0142ugopisy, - bloki rysunkowe, techniczne, kolorowe, - linijki, ekierki, cyrkle, no\u017cyczki, temper\u00f3wki, - plakatowe, akwarelowe, p\u0119dzle, - zeszyty, notesy, - pi\u00f3rniki, plecaki. W ramach pomocy powodzianom wolontariusze ZSO 4 do\u0142\u0105czyli te\u017c do akcji Caritas,  zbieraj\u0105c \u015brodki czysto\u015bci.  Akcje zako\u0144czy\u0142y si\u0119 du\u017cym powodzeniem. Wszystkie zebrane dary zosta\u0142y przekazane pokrzywdzonym. Dzi\u0119kujemy wszystkim za ka\u017cd\u0105 okazan\u0105 pomoc.\" class=\"wp-image-6227\" srcset=\"https:\/\/zso4.szczecin.pl\/liceum\/wp-content\/uploads\/sites\/6\/2024\/10\/IMG_20240925_105802-scaled.jpg 2560w, https:\/\/zso4.szczecin.pl\/liceum\/wp-content\/uploads\/sites\/6\/2024\/10\/IMG_20240925_105802-300x225.jpg 300w, https:\/\/zso4.szczecin.pl\/liceum\/wp-content\/uploads\/sites\/6\/2024\/10\/IMG_20240925_105802-1024x768.jpg 1024w, https:\/\/zso4.szczecin.pl\/liceum\/wp-content\/uploads\/sites\/6\/2024\/10\/IMG_20240925_105802-768x576.jpg 768w, https:\/\/zso4.szczecin.pl\/liceum\/wp-content\/uploads\/sites\/6\/2024\/10\/IMG_20240925_105802-1536x1152.jpg 1536w, https:\/\/zso4.szczecin.pl\/liceum\/wp-content\/uploads\/sites\/6\/2024\/10\/IMG_20240925_105802-2048x1536.jpg 2048w\" sizes=\"(max-width: 2560px) 100vw, 2560px\" \/><figcaption>IMG 20240925 105802<\/figcaption><\/figure>\n\n\n\n<figure class=\"wp-block-image size-large\"><img loading=\"lazy\" width=\"2560\" height=\"1920\" data-id=\"6228\"  src=\"https:\/\/zso4.szczecin.pl\/liceum\/wp-content\/uploads\/sites\/6\/2024\/10\/IMG_20240925_105808-scaled.jpg\" alt=\"Wolontariusze ZSO 4 wznawiaj\u0105 dzia\u0142alno\u015b\u0107. Pomoc dla powodzian. \t W roku szkolnym 2024\/25 do wolontariuszy  XI L0 do\u0142\u0105czyli uczniowie  Szko\u0142y Podstawowej nr 2. I to najm\u0142odsi wolontariusze byli przede wszystkim odpowiedzialni za organizacj\u0119 nowej inicjatywy w naszej szkole.  \tJacek Janiak, Kawaler Orderu U\u015bmiechu 2013, w porozumieniu z niekt\u00f3rymi szczeci\u0144skimi szko\u0142ami  zaproponowa\u0142  przeprowadzenie zbi\u00f3rki artyku\u0142\u00f3w szkolnych dla dzieci i m\u0142odzie\u017cy dotkni\u0119tych powodzi\u0105 ze Szko\u0142y Podstawowej nr 3 im. Kawaler\u00f3w U\u015bmiechu w G\u0142ucho\u0142azach . Przyst\u0105pili do niej uczniowie ZSO 4, a w ramach akcji zebrano przede wszystkim: - kredki, o\u0142\u00f3wki, pisaki, d\u0142ugopisy, - bloki rysunkowe, techniczne, kolorowe, - linijki, ekierki, cyrkle, no\u017cyczki, temper\u00f3wki, - plakatowe, akwarelowe, p\u0119dzle, - zeszyty, notesy, - pi\u00f3rniki, plecaki. W ramach pomocy powodzianom wolontariusze ZSO 4 do\u0142\u0105czyli te\u017c do akcji Caritas,  zbieraj\u0105c \u015brodki czysto\u015bci.  Akcje zako\u0144czy\u0142y si\u0119 du\u017cym powodzeniem. Wszystkie zebrane dary zosta\u0142y przekazane pokrzywdzonym. Dzi\u0119kujemy wszystkim za ka\u017cd\u0105 okazan\u0105 pomoc.\" class=\"wp-image-6228\" srcset=\"https:\/\/zso4.szczecin.pl\/liceum\/wp-content\/uploads\/sites\/6\/2024\/10\/IMG_20240925_105808-scaled.jpg 2560w, https:\/\/zso4.szczecin.pl\/liceum\/wp-content\/uploads\/sites\/6\/2024\/10\/IMG_20240925_105808-300x225.jpg 300w, https:\/\/zso4.szczecin.pl\/liceum\/wp-content\/uploads\/sites\/6\/2024\/10\/IMG_20240925_105808-1024x768.jpg 1024w, https:\/\/zso4.szczecin.pl\/liceum\/wp-content\/uploads\/sites\/6\/2024\/10\/IMG_20240925_105808-768x576.jpg 768w, https:\/\/zso4.szczecin.pl\/liceum\/wp-content\/uploads\/sites\/6\/2024\/10\/IMG_20240925_105808-1536x1152.jpg 1536w, https:\/\/zso4.szczecin.pl\/liceum\/wp-content\/uploads\/sites\/6\/2024\/10\/IMG_20240925_105808-2048x1536.jpg 2048w\" sizes=\"(max-width: 2560px) 100vw, 2560px\" \/><figcaption>IMG 20240925 105808<\/figcaption><\/figure>\n\n\n\n<figure class=\"wp-block-image size-large\"><img loading=\"lazy\" width=\"2560\" height=\"1920\" data-id=\"6229\"  src=\"https:\/\/zso4.szczecin.pl\/liceum\/wp-content\/uploads\/sites\/6\/2024\/10\/IMG_20240923_080700-scaled.jpg\" alt=\"Wolontariusze ZSO 4 wznawiaj\u0105 dzia\u0142alno\u015b\u0107. Pomoc dla powodzian. \t W roku szkolnym 2024\/25 do wolontariuszy  XI L0 do\u0142\u0105czyli uczniowie  Szko\u0142y Podstawowej nr 2. I to najm\u0142odsi wolontariusze byli przede wszystkim odpowiedzialni za organizacj\u0119 nowej inicjatywy w naszej szkole.  \tJacek Janiak, Kawaler Orderu U\u015bmiechu 2013, w porozumieniu z niekt\u00f3rymi szczeci\u0144skimi szko\u0142ami  zaproponowa\u0142  przeprowadzenie zbi\u00f3rki artyku\u0142\u00f3w szkolnych dla dzieci i m\u0142odzie\u017cy dotkni\u0119tych powodzi\u0105 ze Szko\u0142y Podstawowej nr 3 im. Kawaler\u00f3w U\u015bmiechu w G\u0142ucho\u0142azach . Przyst\u0105pili do niej uczniowie ZSO 4, a w ramach akcji zebrano przede wszystkim: - kredki, o\u0142\u00f3wki, pisaki, d\u0142ugopisy, - bloki rysunkowe, techniczne, kolorowe, - linijki, ekierki, cyrkle, no\u017cyczki, temper\u00f3wki, - plakatowe, akwarelowe, p\u0119dzle, - zeszyty, notesy, - pi\u00f3rniki, plecaki. W ramach pomocy powodzianom wolontariusze ZSO 4 do\u0142\u0105czyli te\u017c do akcji Caritas,  zbieraj\u0105c \u015brodki czysto\u015bci.  Akcje zako\u0144czy\u0142y si\u0119 du\u017cym powodzeniem. Wszystkie zebrane dary zosta\u0142y przekazane pokrzywdzonym. Dzi\u0119kujemy wszystkim za ka\u017cd\u0105 okazan\u0105 pomoc.\" class=\"wp-image-6229\" srcset=\"https:\/\/zso4.szczecin.pl\/liceum\/wp-content\/uploads\/sites\/6\/2024\/10\/IMG_20240923_080700-scaled.jpg 2560w, https:\/\/zso4.szczecin.pl\/liceum\/wp-content\/uploads\/sites\/6\/2024\/10\/IMG_20240923_080700-300x225.jpg 300w, https:\/\/zso4.szczecin.pl\/liceum\/wp-content\/uploads\/sites\/6\/2024\/10\/IMG_20240923_080700-1024x768.jpg 1024w, https:\/\/zso4.szczecin.pl\/liceum\/wp-content\/uploads\/sites\/6\/2024\/10\/IMG_20240923_080700-768x576.jpg 768w, https:\/\/zso4.szczecin.pl\/liceum\/wp-content\/uploads\/sites\/6\/2024\/10\/IMG_20240923_080700-1536x1152.jpg 1536w, https:\/\/zso4.szczecin.pl\/liceum\/wp-content\/uploads\/sites\/6\/2024\/10\/IMG_20240923_080700-2048x1536.jpg 2048w\" sizes=\"(max-width: 2560px) 100vw, 2560px\" \/><figcaption>IMG 20240923 080700<\/figcaption><\/figure>\n\n\n\n<figure class=\"wp-block-image size-large\"><img loading=\"lazy\" width=\"2560\" height=\"1920\" data-id=\"6230\"  src=\"https:\/\/zso4.szczecin.pl\/liceum\/wp-content\/uploads\/sites\/6\/2024\/10\/IMG_20240923_082110-scaled.jpg\" alt=\"Wolontariusze ZSO 4 wznawiaj\u0105 dzia\u0142alno\u015b\u0107. Pomoc dla powodzian. \t W roku szkolnym 2024\/25 do wolontariuszy  XI L0 do\u0142\u0105czyli uczniowie  Szko\u0142y Podstawowej nr 2. I to najm\u0142odsi wolontariusze byli przede wszystkim odpowiedzialni za organizacj\u0119 nowej inicjatywy w naszej szkole.  \tJacek Janiak, Kawaler Orderu U\u015bmiechu 2013, w porozumieniu z niekt\u00f3rymi szczeci\u0144skimi szko\u0142ami  zaproponowa\u0142  przeprowadzenie zbi\u00f3rki artyku\u0142\u00f3w szkolnych dla dzieci i m\u0142odzie\u017cy dotkni\u0119tych powodzi\u0105 ze Szko\u0142y Podstawowej nr 3 im. Kawaler\u00f3w U\u015bmiechu w G\u0142ucho\u0142azach . Przyst\u0105pili do niej uczniowie ZSO 4, a w ramach akcji zebrano przede wszystkim: - kredki, o\u0142\u00f3wki, pisaki, d\u0142ugopisy, - bloki rysunkowe, techniczne, kolorowe, - linijki, ekierki, cyrkle, no\u017cyczki, temper\u00f3wki, - plakatowe, akwarelowe, p\u0119dzle, - zeszyty, notesy, - pi\u00f3rniki, plecaki. W ramach pomocy powodzianom wolontariusze ZSO 4 do\u0142\u0105czyli te\u017c do akcji Caritas,  zbieraj\u0105c \u015brodki czysto\u015bci.  Akcje zako\u0144czy\u0142y si\u0119 du\u017cym powodzeniem. Wszystkie zebrane dary zosta\u0142y przekazane pokrzywdzonym. Dzi\u0119kujemy wszystkim za ka\u017cd\u0105 okazan\u0105 pomoc.\" class=\"wp-image-6230\" srcset=\"https:\/\/zso4.szczecin.pl\/liceum\/wp-content\/uploads\/sites\/6\/2024\/10\/IMG_20240923_082110-scaled.jpg 2560w, https:\/\/zso4.szczecin.pl\/liceum\/wp-content\/uploads\/sites\/6\/2024\/10\/IMG_20240923_082110-300x225.jpg 300w, https:\/\/zso4.szczecin.pl\/liceum\/wp-content\/uploads\/sites\/6\/2024\/10\/IMG_20240923_082110-1024x768.jpg 1024w, https:\/\/zso4.szczecin.pl\/liceum\/wp-content\/uploads\/sites\/6\/2024\/10\/IMG_20240923_082110-768x576.jpg 768w, https:\/\/zso4.szczecin.pl\/liceum\/wp-content\/uploads\/sites\/6\/2024\/10\/IMG_20240923_082110-1536x1152.jpg 1536w, https:\/\/zso4.szczecin.pl\/liceum\/wp-content\/uploads\/sites\/6\/2024\/10\/IMG_20240923_082110-2048x1536.jpg 2048w\" sizes=\"(max-width: 2560px) 100vw, 2560px\" \/><figcaption>IMG 20240923 082110<\/figcaption><\/figure>\n\n\n\n<figure class=\"wp-block-image size-large\"><img loading=\"lazy\" width=\"1080\" height=\"1440\" data-id=\"6231\"  src=\"https:\/\/zso4.szczecin.pl\/liceum\/wp-content\/uploads\/sites\/6\/2024\/10\/FB_IMG_1728068605623.jpg\" alt=\"Wolontariusze ZSO 4 wznawiaj\u0105 dzia\u0142alno\u015b\u0107. Pomoc dla powodzian. \t W roku szkolnym 2024\/25 do wolontariuszy  XI L0 do\u0142\u0105czyli uczniowie  Szko\u0142y Podstawowej nr 2. I to najm\u0142odsi wolontariusze byli przede wszystkim odpowiedzialni za organizacj\u0119 nowej inicjatywy w naszej szkole.  \tJacek Janiak, Kawaler Orderu U\u015bmiechu 2013, w porozumieniu z niekt\u00f3rymi szczeci\u0144skimi szko\u0142ami  zaproponowa\u0142  przeprowadzenie zbi\u00f3rki artyku\u0142\u00f3w szkolnych dla dzieci i m\u0142odzie\u017cy dotkni\u0119tych powodzi\u0105 ze Szko\u0142y Podstawowej nr 3 im. Kawaler\u00f3w U\u015bmiechu w G\u0142ucho\u0142azach . Przyst\u0105pili do niej uczniowie ZSO 4, a w ramach akcji zebrano przede wszystkim: - kredki, o\u0142\u00f3wki, pisaki, d\u0142ugopisy, - bloki rysunkowe, techniczne, kolorowe, - linijki, ekierki, cyrkle, no\u017cyczki, temper\u00f3wki, - plakatowe, akwarelowe, p\u0119dzle, - zeszyty, notesy, - pi\u00f3rniki, plecaki. W ramach pomocy powodzianom wolontariusze ZSO 4 do\u0142\u0105czyli te\u017c do akcji Caritas,  zbieraj\u0105c \u015brodki czysto\u015bci.  Akcje zako\u0144czy\u0142y si\u0119 du\u017cym powodzeniem. Wszystkie zebrane dary zosta\u0142y przekazane pokrzywdzonym. Dzi\u0119kujemy wszystkim za ka\u017cd\u0105 okazan\u0105 pomoc.\" class=\"wp-image-6231\" srcset=\"https:\/\/zso4.szczecin.pl\/liceum\/wp-content\/uploads\/sites\/6\/2024\/10\/FB_IMG_1728068605623.jpg 1080w, https:\/\/zso4.szczecin.pl\/liceum\/wp-content\/uploads\/sites\/6\/2024\/10\/FB_IMG_1728068605623-225x300.jpg 225w, https:\/\/zso4.szczecin.pl\/liceum\/wp-content\/uploads\/sites\/6\/2024\/10\/FB_IMG_1728068605623-768x1024.jpg 768w\" sizes=\"(max-width: 1080px) 100vw, 1080px\" \/><figcaption>FB IMG 1728068605623<\/figcaption><\/figure>\n<\/figure>\n","protected":false},"excerpt":{"rendered":"<p>W roku szkolnym 2024\/25 do wolontariuszy&nbsp; XI L0 do\u0142\u0105czyli uczniowie&nbsp; Szko\u0142y Podstawowej nr 2. I to najm\u0142odsi wolontariusze byli przede wszystkim odpowiedzialni za organizacj\u0119 nowej inicjatywy w naszej szkole. &nbsp;&nbsp;&nbsp;&nbsp;&nbsp;&nbsp;&nbsp;&nbsp;&nbsp;&nbsp;&nbsp; Jacek Janiak, Kawaler Orderu U\u015bmiechu 2013, w porozumieniu z niekt\u00f3rymi szczeci\u0144skimi szko\u0142ami&nbsp; zaproponowa\u0142&nbsp; przeprowadzenie zbi\u00f3rki artyku\u0142\u00f3w szkolnych dla dzieci i m\u0142odzie\u017cy dotkni\u0119tych powodzi\u0105 ze Szko\u0142y [&hellip;]<\/p>\n","protected":false},"author":1,"featured_media":6223,"comment_status":"open","ping_status":"open","sticky":false,"template":"","format":"standard","meta":{"_exactmetrics_skip_tracking":false,"_exactmetrics_sitenote_active":false,"_exactmetrics_sitenote_note":"","_exactmetrics_sitenote_category":0},"categories":[1],"tags":[],"_links":{"self":[{"href":"https:\/\/zso4.szczecin.pl\/liceum\/wp-json\/wp\/v2\/posts\/6220"}],"collection":[{"href":"https:\/\/zso4.szczecin.pl\/liceum\/wp-json\/wp\/v2\/posts"}],"about":[{"href":"https:\/\/zso4.szczecin.pl\/liceum\/wp-json\/wp\/v2\/types\/post"}],"author":[{"embeddable":true,"href":"https:\/\/zso4.szczecin.pl\/liceum\/wp-json\/wp\/v2\/users\/1"}],"replies":[{"embeddable":true,"href":"https:\/\/zso4.szczecin.pl\/liceum\/wp-json\/wp\/v2\/comments?post=6220"}],"version-history":[{"count":1,"href":"https:\/\/zso4.szczecin.pl\/liceum\/wp-json\/wp\/v2\/posts\/6220\/revisions"}],"predecessor-version":[{"id":6232,"href":"https:\/\/zso4.szczecin.pl\/liceum\/wp-json\/wp\/v2\/posts\/6220\/revisions\/6232"}],"wp:featuredmedia":[{"embeddable":true,"href":"https:\/\/zso4.szczecin.pl\/liceum\/wp-json\/wp\/v2\/media\/6223"}],"wp:attachment":[{"href":"https:\/\/zso4.szczecin.pl\/liceum\/wp-json\/wp\/v2\/media?parent=6220"}],"wp:term":[{"taxonomy":"category","embeddable":true,"href":"https:\/\/zso4.szczecin.pl\/liceum\/wp-json\/wp\/v2\/categories?post=6220"},{"taxonomy":"post_tag","embeddable":true,"href":"https:\/\/zso4.szczecin.pl\/liceum\/wp-json\/wp\/v2\/tags?post=6220"}],"curies":[{"name":"wp","href":"https:\/\/api.w.org\/{rel}","templated":true}]}}