{"id":5687,"date":"2024-03-17T23:37:24","date_gmt":"2024-03-17T22:37:24","guid":{"rendered":"https:\/\/zso4.szczecin.pl\/liceum\/?p=5687"},"modified":"2024-03-17T23:37:24","modified_gmt":"2024-03-17T22:37:24","slug":"nowy-rok-czas-na-nowe-dzialania-wolontariuszy-xi-lo","status":"publish","type":"post","link":"https:\/\/zso4.szczecin.pl\/liceum\/2024\/03\/17\/nowy-rok-czas-na-nowe-dzialania-wolontariuszy-xi-lo\/","title":{"rendered":"Nowy rok- czas na nowe dzia\u0142ania wolontariuszy XI LO"},"content":{"rendered":"<p>Caritas w\u00a0dniach\u00a0 8\u2013 9 marca 2024\u00a0r.\u00a0organizowa\u0142 XXIV Zbi\u00f3rk\u0119 \u017bywno\u015bci TAK. POMAGAM!, w kt\u00f3rej wzi\u0119li udzia\u0142 wolontariusze LO XI.\u00a0 Jest to\u00a0og\u00f3lnopolska akcja, kt\u00f3rej\u00a0celem jest wsparcie os\u00f3b starszych, chorych, niepe\u0142nosprawnych i\u00a0ubogich.\u00a0Zbi\u00f3rka odby\u0142a si\u0119\u00a0 w\u00a0wybranych szczeci\u0144skich sklepach. Zbierane by\u0142y podstawowe artyku\u0142y spo\u017cywcze takie jak cukier, m\u0105ka, olej, makaron, konserwy, herbata itp.\u00a0 \u017bywno\u015b\u0107 zebrana podczas akcji zosta\u0142a posortowana przez\u00a0wolontariuszy, zapakowana w\u00a0paczki i\u00a0przekazana b\u0119dzie potrzebuj\u0105cym przed\u00a0\u015awi\u0119tami Wielkanocnymi.<\/p>\n<p><a href=\"http:\/\/zso4.szczecin.pl\/liceum\/wp-content\/uploads\/sites\/6\/2024\/03\/received_933130284925309.jpeg\"><img loading=\"lazy\" class=\"aligncenter size-full wp-image-5688\" src=\"http:\/\/zso4.szczecin.pl\/liceum\/wp-content\/uploads\/sites\/6\/2024\/03\/received_933130284925309.jpeg\" alt=\"\" width=\"1536\" height=\"2048\" srcset=\"https:\/\/zso4.szczecin.pl\/liceum\/wp-content\/uploads\/sites\/6\/2024\/03\/received_933130284925309.jpeg 1536w, https:\/\/zso4.szczecin.pl\/liceum\/wp-content\/uploads\/sites\/6\/2024\/03\/received_933130284925309-225x300.jpeg 225w, https:\/\/zso4.szczecin.pl\/liceum\/wp-content\/uploads\/sites\/6\/2024\/03\/received_933130284925309-768x1024.jpeg 768w, https:\/\/zso4.szczecin.pl\/liceum\/wp-content\/uploads\/sites\/6\/2024\/03\/received_933130284925309-1152x1536.jpeg 1152w\" sizes=\"(max-width: 1536px) 100vw, 1536px\" \/><\/a> <a href=\"http:\/\/zso4.szczecin.pl\/liceum\/wp-content\/uploads\/sites\/6\/2024\/03\/received_1463560824505564.jpeg\"><img loading=\"lazy\" class=\"aligncenter size-full wp-image-5689\" src=\"http:\/\/zso4.szczecin.pl\/liceum\/wp-content\/uploads\/sites\/6\/2024\/03\/received_1463560824505564.jpeg\" alt=\"\" width=\"1536\" height=\"2048\" srcset=\"https:\/\/zso4.szczecin.pl\/liceum\/wp-content\/uploads\/sites\/6\/2024\/03\/received_1463560824505564.jpeg 1536w, https:\/\/zso4.szczecin.pl\/liceum\/wp-content\/uploads\/sites\/6\/2024\/03\/received_1463560824505564-225x300.jpeg 225w, https:\/\/zso4.szczecin.pl\/liceum\/wp-content\/uploads\/sites\/6\/2024\/03\/received_1463560824505564-768x1024.jpeg 768w, https:\/\/zso4.szczecin.pl\/liceum\/wp-content\/uploads\/sites\/6\/2024\/03\/received_1463560824505564-1152x1536.jpeg 1152w\" sizes=\"(max-width: 1536px) 100vw, 1536px\" \/><\/a> <a href=\"http:\/\/zso4.szczecin.pl\/liceum\/wp-content\/uploads\/sites\/6\/2024\/03\/received_2744027525735571.jpeg\"><img loading=\"lazy\" class=\"aligncenter size-full wp-image-5690\" src=\"http:\/\/zso4.szczecin.pl\/liceum\/wp-content\/uploads\/sites\/6\/2024\/03\/received_2744027525735571.jpeg\" alt=\"\" width=\"1536\" height=\"2048\" srcset=\"https:\/\/zso4.szczecin.pl\/liceum\/wp-content\/uploads\/sites\/6\/2024\/03\/received_2744027525735571.jpeg 1536w, https:\/\/zso4.szczecin.pl\/liceum\/wp-content\/uploads\/sites\/6\/2024\/03\/received_2744027525735571-225x300.jpeg 225w, https:\/\/zso4.szczecin.pl\/liceum\/wp-content\/uploads\/sites\/6\/2024\/03\/received_2744027525735571-768x1024.jpeg 768w, https:\/\/zso4.szczecin.pl\/liceum\/wp-content\/uploads\/sites\/6\/2024\/03\/received_2744027525735571-1152x1536.jpeg 1152w\" sizes=\"(max-width: 1536px) 100vw, 1536px\" \/><\/a><\/p>\n","protected":false},"excerpt":{"rendered":"<p>Caritas w\u00a0dniach\u00a0 8\u2013 9 marca 2024\u00a0r.\u00a0organizowa\u0142 XXIV Zbi\u00f3rk\u0119 \u017bywno\u015bci TAK. POMAGAM!, w kt\u00f3rej wzi\u0119li udzia\u0142 wolontariusze LO XI.\u00a0 Jest to\u00a0og\u00f3lnopolska akcja, kt\u00f3rej\u00a0celem jest wsparcie os\u00f3b starszych, chorych, niepe\u0142nosprawnych i\u00a0ubogich.\u00a0Zbi\u00f3rka odby\u0142a si\u0119\u00a0 w\u00a0wybranych szczeci\u0144skich sklepach. Zbierane by\u0142y podstawowe artyku\u0142y spo\u017cywcze takie jak cukier, m\u0105ka, olej, makaron, konserwy, herbata itp.\u00a0 \u017bywno\u015b\u0107 zebrana podczas akcji zosta\u0142a posortowana przez\u00a0wolontariuszy, [&hellip;]<\/p>\n","protected":false},"author":1,"featured_media":5690,"comment_status":"open","ping_status":"open","sticky":false,"template":"","format":"standard","meta":{"_exactmetrics_skip_tracking":false,"_exactmetrics_sitenote_active":false,"_exactmetrics_sitenote_note":"","_exactmetrics_sitenote_category":0},"categories":[1],"tags":[],"_links":{"self":[{"href":"https:\/\/zso4.szczecin.pl\/liceum\/wp-json\/wp\/v2\/posts\/5687"}],"collection":[{"href":"https:\/\/zso4.szczecin.pl\/liceum\/wp-json\/wp\/v2\/posts"}],"about":[{"href":"https:\/\/zso4.szczecin.pl\/liceum\/wp-json\/wp\/v2\/types\/post"}],"author":[{"embeddable":true,"href":"https:\/\/zso4.szczecin.pl\/liceum\/wp-json\/wp\/v2\/users\/1"}],"replies":[{"embeddable":true,"href":"https:\/\/zso4.szczecin.pl\/liceum\/wp-json\/wp\/v2\/comments?post=5687"}],"version-history":[{"count":1,"href":"https:\/\/zso4.szczecin.pl\/liceum\/wp-json\/wp\/v2\/posts\/5687\/revisions"}],"predecessor-version":[{"id":5691,"href":"https:\/\/zso4.szczecin.pl\/liceum\/wp-json\/wp\/v2\/posts\/5687\/revisions\/5691"}],"wp:featuredmedia":[{"embeddable":true,"href":"https:\/\/zso4.szczecin.pl\/liceum\/wp-json\/wp\/v2\/media\/5690"}],"wp:attachment":[{"href":"https:\/\/zso4.szczecin.pl\/liceum\/wp-json\/wp\/v2\/media?parent=5687"}],"wp:term":[{"taxonomy":"category","embeddable":true,"href":"https:\/\/zso4.szczecin.pl\/liceum\/wp-json\/wp\/v2\/categories?post=5687"},{"taxonomy":"post_tag","embeddable":true,"href":"https:\/\/zso4.szczecin.pl\/liceum\/wp-json\/wp\/v2\/tags?post=5687"}],"curies":[{"name":"wp","href":"https:\/\/api.w.org\/{rel}","templated":true}]}}