{"id":555,"date":"2017-11-30T08:33:53","date_gmt":"2017-11-30T07:33:53","guid":{"rendered":"http:\/\/zsoszczevi.cluster023.hosting.ovh.net\/liceum\/?p=555"},"modified":"2017-11-30T08:47:58","modified_gmt":"2017-11-30T07:47:58","slug":"inauguracja-zajec-dla-klas-prawno-administracyjnych-na-wydziale-prawa-i-administracji-uniwersytetu-szczecinskiego-w-nowym-roku-szkolnym","status":"publish","type":"post","link":"https:\/\/zso4.szczecin.pl\/liceum\/2017\/11\/30\/inauguracja-zajec-dla-klas-prawno-administracyjnych-na-wydziale-prawa-i-administracji-uniwersytetu-szczecinskiego-w-nowym-roku-szkolnym\/","title":{"rendered":"Inauguracja zaj\u0119\u0107 dla klas prawno-administracyjnych na Wydziale Prawa i Administracji Uniwersytetu Szczeci\u0144skiego\u00a0w nowym roku szkolnym"},"content":{"rendered":"<p>Dnia 29.11.2017 r. uczniowie klasy II LA oraz III LA prawno-administracyjnej rozpocz\u0119li zaj\u0119cia na Wydziale Prawa i Administracji Uniwersytetu Szczeci\u0144skiego. Pierwszy wyk\u0142ad dotyczy\u0142 prawa spadkowego , kt\u00f3ry poprowadzi\u0142a mgr Adriana Tomczyk. Uczniowie po wys\u0142uchaniu cz\u0119\u015bci teoretycznej rozwi\u0105zywali kazusy. Nast\u0119pnie z kr\u00f3tk\u0105 prezentacj\u0105 wyst\u0105pili przedstawiciele Samorz\u0105du Studenckiego opowiadaj\u0105c o tym, jak wygl\u0105da struktura wydzia\u0142u i historia powstania.<\/p>\n\n\t\t<style type=\"text\/css\">\n\t\t\t#gallery-1 {\n\t\t\t\tmargin: auto;\n\t\t\t}\n\t\t\t#gallery-1 .gallery-item {\n\t\t\t\tfloat: left;\n\t\t\t\tmargin-top: 10px;\n\t\t\t\ttext-align: center;\n\t\t\t\twidth: 50%;\n\t\t\t}\n\t\t\t#gallery-1 img {\n\t\t\t\tborder: 2px solid #cfcfcf;\n\t\t\t}\n\t\t\t#gallery-1 .gallery-caption {\n\t\t\t\tmargin-left: 0;\n\t\t\t}\n\t\t\t\/* see gallery_shortcode() in wp-includes\/media.php *\/\n\t\t<\/style>\n\t\t<div id='gallery-1' class='gallery galleryid-555 gallery-columns-2 gallery-size-medium'><dl class='gallery-item'>\n\t\t\t<dt class='gallery-icon portrait'>\n\t\t\t\t<a class=\"grouped_elements\" rel=\"tc-fancybox-group\" href=\"https:\/\/zso4.szczecin.pl\/liceum\/wp-content\/uploads\/sites\/6\/2017\/11\/24209621_1523674347701263_1882220778_o.jpg\" title=\"24209621_1523674347701263_1882220778_o\"><img width=\"225\" height=\"300\" src=\"https:\/\/zso4.szczecin.pl\/liceum\/wp-content\/uploads\/sites\/6\/2017\/11\/24209621_1523674347701263_1882220778_o-225x300.jpg\" class=\"attachment-medium size-medium\" alt=\"\" loading=\"lazy\" srcset=\"https:\/\/zso4.szczecin.pl\/liceum\/wp-content\/uploads\/sites\/6\/2017\/11\/24209621_1523674347701263_1882220778_o-225x300.jpg 225w, https:\/\/zso4.szczecin.pl\/liceum\/wp-content\/uploads\/sites\/6\/2017\/11\/24209621_1523674347701263_1882220778_o-768x1024.jpg 768w, https:\/\/zso4.szczecin.pl\/liceum\/wp-content\/uploads\/sites\/6\/2017\/11\/24209621_1523674347701263_1882220778_o.jpg 1000w\" sizes=\"(max-width: 225px) 100vw, 225px\" \/><\/a>\n\t\t\t<\/dt><\/dl><dl class='gallery-item'>\n\t\t\t<dt class='gallery-icon landscape'>\n\t\t\t\t<a class=\"grouped_elements\" rel=\"tc-fancybox-group\" href=\"https:\/\/zso4.szczecin.pl\/liceum\/wp-content\/uploads\/sites\/6\/2017\/11\/24250890_1523674534367911_276617611_o.jpg\" title=\"24250890_1523674534367911_276617611_o\"><img width=\"300\" height=\"225\" src=\"https:\/\/zso4.szczecin.pl\/liceum\/wp-content\/uploads\/sites\/6\/2017\/11\/24250890_1523674534367911_276617611_o-300x225.jpg\" class=\"attachment-medium size-medium\" alt=\"\" loading=\"lazy\" srcset=\"https:\/\/zso4.szczecin.pl\/liceum\/wp-content\/uploads\/sites\/6\/2017\/11\/24250890_1523674534367911_276617611_o-300x225.jpg 300w, https:\/\/zso4.szczecin.pl\/liceum\/wp-content\/uploads\/sites\/6\/2017\/11\/24250890_1523674534367911_276617611_o-768x576.jpg 768w, https:\/\/zso4.szczecin.pl\/liceum\/wp-content\/uploads\/sites\/6\/2017\/11\/24250890_1523674534367911_276617611_o-1024x768.jpg 1024w, https:\/\/zso4.szczecin.pl\/liceum\/wp-content\/uploads\/sites\/6\/2017\/11\/24250890_1523674534367911_276617611_o.jpg 1334w\" sizes=\"(max-width: 300px) 100vw, 300px\" \/><\/a>\n\t\t\t<\/dt><\/dl><br style=\"clear: both\" \/><dl class='gallery-item'>\n\t\t\t<dt class='gallery-icon portrait'>\n\t\t\t\t<a class=\"grouped_elements\" rel=\"tc-fancybox-group\" href=\"https:\/\/zso4.szczecin.pl\/liceum\/wp-content\/uploads\/sites\/6\/2017\/11\/24250955_1523674504367914_606107311_o.jpg\" title=\"24250955_1523674504367914_606107311_o\"><img width=\"225\" height=\"300\" src=\"https:\/\/zso4.szczecin.pl\/liceum\/wp-content\/uploads\/sites\/6\/2017\/11\/24250955_1523674504367914_606107311_o-225x300.jpg\" class=\"attachment-medium size-medium\" alt=\"\" loading=\"lazy\" srcset=\"https:\/\/zso4.szczecin.pl\/liceum\/wp-content\/uploads\/sites\/6\/2017\/11\/24250955_1523674504367914_606107311_o-225x300.jpg 225w, https:\/\/zso4.szczecin.pl\/liceum\/wp-content\/uploads\/sites\/6\/2017\/11\/24250955_1523674504367914_606107311_o-768x1024.jpg 768w, https:\/\/zso4.szczecin.pl\/liceum\/wp-content\/uploads\/sites\/6\/2017\/11\/24250955_1523674504367914_606107311_o.jpg 1000w\" sizes=\"(max-width: 225px) 100vw, 225px\" \/><\/a>\n\t\t\t<\/dt><\/dl><dl class='gallery-item'>\n\t\t\t<dt class='gallery-icon portrait'>\n\t\t\t\t<a class=\"grouped_elements\" rel=\"tc-fancybox-group\" href=\"https:\/\/zso4.szczecin.pl\/liceum\/wp-content\/uploads\/sites\/6\/2017\/11\/24259395_1523674494367915_1404995152_o.jpg\" title=\"24259395_1523674494367915_1404995152_o\"><img width=\"225\" height=\"300\" src=\"https:\/\/zso4.szczecin.pl\/liceum\/wp-content\/uploads\/sites\/6\/2017\/11\/24259395_1523674494367915_1404995152_o-225x300.jpg\" class=\"attachment-medium size-medium\" alt=\"\" loading=\"lazy\" srcset=\"https:\/\/zso4.szczecin.pl\/liceum\/wp-content\/uploads\/sites\/6\/2017\/11\/24259395_1523674494367915_1404995152_o-225x300.jpg 225w, https:\/\/zso4.szczecin.pl\/liceum\/wp-content\/uploads\/sites\/6\/2017\/11\/24259395_1523674494367915_1404995152_o-768x1024.jpg 768w, https:\/\/zso4.szczecin.pl\/liceum\/wp-content\/uploads\/sites\/6\/2017\/11\/24259395_1523674494367915_1404995152_o.jpg 1000w\" sizes=\"(max-width: 225px) 100vw, 225px\" \/><\/a>\n\t\t\t<\/dt><\/dl><br style=\"clear: both\" \/>\n\t\t<\/div>\n\n","protected":false},"excerpt":{"rendered":"<p>Dnia 29.11.2017 r. uczniowie klasy II LA oraz III LA prawno-administracyjnej rozpocz\u0119li zaj\u0119cia na Wydziale Prawa i Administracji Uniwersytetu Szczeci\u0144skiego. Pierwszy wyk\u0142ad dotyczy\u0142 prawa spadkowego , kt\u00f3ry poprowadzi\u0142a mgr Adriana Tomczyk. Uczniowie po wys\u0142uchaniu cz\u0119\u015bci teoretycznej rozwi\u0105zywali kazusy. Nast\u0119pnie z kr\u00f3tk\u0105 prezentacj\u0105 wyst\u0105pili przedstawiciele Samorz\u0105du Studenckiego opowiadaj\u0105c o tym, jak wygl\u0105da struktura wydzia\u0142u i historia [&hellip;]<\/p>\n","protected":false},"author":1,"featured_media":0,"comment_status":"open","ping_status":"open","sticky":false,"template":"","format":"standard","meta":{"_exactmetrics_skip_tracking":false,"_exactmetrics_sitenote_active":false,"_exactmetrics_sitenote_note":"","_exactmetrics_sitenote_category":0},"categories":[1,17,16,11],"tags":[],"_links":{"self":[{"href":"https:\/\/zso4.szczecin.pl\/liceum\/wp-json\/wp\/v2\/posts\/555"}],"collection":[{"href":"https:\/\/zso4.szczecin.pl\/liceum\/wp-json\/wp\/v2\/posts"}],"about":[{"href":"https:\/\/zso4.szczecin.pl\/liceum\/wp-json\/wp\/v2\/types\/post"}],"author":[{"embeddable":true,"href":"https:\/\/zso4.szczecin.pl\/liceum\/wp-json\/wp\/v2\/users\/1"}],"replies":[{"embeddable":true,"href":"https:\/\/zso4.szczecin.pl\/liceum\/wp-json\/wp\/v2\/comments?post=555"}],"version-history":[{"count":1,"href":"https:\/\/zso4.szczecin.pl\/liceum\/wp-json\/wp\/v2\/posts\/555\/revisions"}],"predecessor-version":[{"id":560,"href":"https:\/\/zso4.szczecin.pl\/liceum\/wp-json\/wp\/v2\/posts\/555\/revisions\/560"}],"wp:attachment":[{"href":"https:\/\/zso4.szczecin.pl\/liceum\/wp-json\/wp\/v2\/media?parent=555"}],"wp:term":[{"taxonomy":"category","embeddable":true,"href":"https:\/\/zso4.szczecin.pl\/liceum\/wp-json\/wp\/v2\/categories?post=555"},{"taxonomy":"post_tag","embeddable":true,"href":"https:\/\/zso4.szczecin.pl\/liceum\/wp-json\/wp\/v2\/tags?post=555"}],"curies":[{"name":"wp","href":"https:\/\/api.w.org\/{rel}","templated":true}]}}