{"id":4587,"date":"2023-06-22T14:19:41","date_gmt":"2023-06-22T12:19:41","guid":{"rendered":"http:\/\/zso4.szczecin.pl\/liceum\/?p=4587"},"modified":"2023-06-22T14:19:41","modified_gmt":"2023-06-22T12:19:41","slug":"nagroda-prezydenta-miasta-szczecina-2","status":"publish","type":"post","link":"https:\/\/zso4.szczecin.pl\/liceum\/2023\/06\/22\/nagroda-prezydenta-miasta-szczecina-2\/","title":{"rendered":"Nagroda Prezydenta Miasta Szczecina"},"content":{"rendered":"<p>W dniu dzisiejszym (21 czerwca 2023 r.) uczniowie klasy 2LA:<\/p>\n<p>Nicolas Zielenkiewicz<\/p>\n<p>Olgierd Klonowski<\/p>\n<p>otrzymali z r\u0105k Prezydenta Miasta Szczecina Piotra Krzystka Nagrod\u0119 Specjaln\u0105 Prezydenta Miasta.<\/p>\n<p>Serdecznie gratulujemy wszystkim nagrodzonym.<\/p>\n<p><img loading=\"lazy\" class=\"aligncenter size-full wp-image-4588\" src=\"http:\/\/zso4.szczecin.pl\/liceum\/wp-content\/uploads\/sites\/6\/2023\/06\/IMG-20230621-WA0126-1.jpg\" alt=\"\" width=\"828\" height=\"466\" srcset=\"https:\/\/zso4.szczecin.pl\/liceum\/wp-content\/uploads\/sites\/6\/2023\/06\/IMG-20230621-WA0126-1.jpg 828w, https:\/\/zso4.szczecin.pl\/liceum\/wp-content\/uploads\/sites\/6\/2023\/06\/IMG-20230621-WA0126-1-300x169.jpg 300w, https:\/\/zso4.szczecin.pl\/liceum\/wp-content\/uploads\/sites\/6\/2023\/06\/IMG-20230621-WA0126-1-768x432.jpg 768w\" sizes=\"(max-width: 828px) 100vw, 828px\" \/> <img loading=\"lazy\" class=\"aligncenter size-full wp-image-4589\" src=\"http:\/\/zso4.szczecin.pl\/liceum\/wp-content\/uploads\/sites\/6\/2023\/06\/IMG-20230621-WA0127-1.jpg\" alt=\"\" width=\"828\" height=\"466\" srcset=\"https:\/\/zso4.szczecin.pl\/liceum\/wp-content\/uploads\/sites\/6\/2023\/06\/IMG-20230621-WA0127-1.jpg 828w, https:\/\/zso4.szczecin.pl\/liceum\/wp-content\/uploads\/sites\/6\/2023\/06\/IMG-20230621-WA0127-1-300x169.jpg 300w, https:\/\/zso4.szczecin.pl\/liceum\/wp-content\/uploads\/sites\/6\/2023\/06\/IMG-20230621-WA0127-1-768x432.jpg 768w\" sizes=\"(max-width: 828px) 100vw, 828px\" \/><\/p>\n","protected":false},"excerpt":{"rendered":"<p>W dniu dzisiejszym (21 czerwca 2023 r.) uczniowie klasy 2LA: Nicolas Zielenkiewicz Olgierd Klonowski otrzymali z r\u0105k Prezydenta Miasta Szczecina Piotra Krzystka Nagrod\u0119 Specjaln\u0105 Prezydenta Miasta. Serdecznie gratulujemy wszystkim nagrodzonym.<\/p>\n","protected":false},"author":1,"featured_media":4588,"comment_status":"open","ping_status":"open","sticky":false,"template":"","format":"standard","meta":{"_exactmetrics_skip_tracking":false,"_exactmetrics_sitenote_active":false,"_exactmetrics_sitenote_note":"","_exactmetrics_sitenote_category":0},"categories":[1],"tags":[],"_links":{"self":[{"href":"https:\/\/zso4.szczecin.pl\/liceum\/wp-json\/wp\/v2\/posts\/4587"}],"collection":[{"href":"https:\/\/zso4.szczecin.pl\/liceum\/wp-json\/wp\/v2\/posts"}],"about":[{"href":"https:\/\/zso4.szczecin.pl\/liceum\/wp-json\/wp\/v2\/types\/post"}],"author":[{"embeddable":true,"href":"https:\/\/zso4.szczecin.pl\/liceum\/wp-json\/wp\/v2\/users\/1"}],"replies":[{"embeddable":true,"href":"https:\/\/zso4.szczecin.pl\/liceum\/wp-json\/wp\/v2\/comments?post=4587"}],"version-history":[{"count":1,"href":"https:\/\/zso4.szczecin.pl\/liceum\/wp-json\/wp\/v2\/posts\/4587\/revisions"}],"predecessor-version":[{"id":4590,"href":"https:\/\/zso4.szczecin.pl\/liceum\/wp-json\/wp\/v2\/posts\/4587\/revisions\/4590"}],"wp:featuredmedia":[{"embeddable":true,"href":"https:\/\/zso4.szczecin.pl\/liceum\/wp-json\/wp\/v2\/media\/4588"}],"wp:attachment":[{"href":"https:\/\/zso4.szczecin.pl\/liceum\/wp-json\/wp\/v2\/media?parent=4587"}],"wp:term":[{"taxonomy":"category","embeddable":true,"href":"https:\/\/zso4.szczecin.pl\/liceum\/wp-json\/wp\/v2\/categories?post=4587"},{"taxonomy":"post_tag","embeddable":true,"href":"https:\/\/zso4.szczecin.pl\/liceum\/wp-json\/wp\/v2\/tags?post=4587"}],"curies":[{"name":"wp","href":"https:\/\/api.w.org\/{rel}","templated":true}]}}