{"id":4560,"date":"2023-06-15T20:47:38","date_gmt":"2023-06-15T18:47:38","guid":{"rendered":"http:\/\/zso4.szczecin.pl\/liceum\/?p=4560"},"modified":"2023-06-15T20:47:38","modified_gmt":"2023-06-15T18:47:38","slug":"tydzien-jezykow-obcych","status":"publish","type":"post","link":"https:\/\/zso4.szczecin.pl\/liceum\/2023\/06\/15\/tydzien-jezykow-obcych\/","title":{"rendered":"Tydzie\u0144 J\u0119zyk\u00f3w Obcych"},"content":{"rendered":"<p><span style=\"font-weight: inherit;\">Z okazji Tygodnia J\u0119zyk\u00f3w Obcycych mieli\u015bmy zaszczyt go\u015bci\u0107 w naszej szkole wyk\u0142adowczynie Uniwersytetu Szczeci\u0144skiego Wydzia\u0142u Filologii Angielskiej Pani\u0105 dr Adrian\u0119 Goldman i Pani\u0105 Agnieszk\u0119 Kotul\u0119-Empringham, kt\u00f3re przeprowadzi\u0142y wyk\u0142ady i warsztaty dla uczni\u00f3w klas dwuj\u0119zycznych, lingwistycznych i europejskich. Wyk\u0142ady i warsztaty zosta\u0142y przeprowadzone w j\u0119zyku angielskim. Wyk\u0142ad w Pani\u0105 Kotul\u0105-Empringham dotyczy\u0142o \u017cycia w RPA, sk\u0105d ma do\u015bwiadczenie z pierwszej r\u0119ki poniewa\u017c mieszka\u0142a tam wiele lat, natomiast warsztaty z Pani\u0105 Dr Goldman poszerzy\u0142y wiedz\u0119 i umiej\u0119tno\u015bci na temat r\u00f3\u017cnic mi\u0119dzy American i British English.<\/span><\/p>\n<p><a href=\"http:\/\/zso4.szczecin.pl\/liceum\/wp-content\/uploads\/sites\/6\/2023\/06\/IMG-20230615-WA0002.jpg\"><img loading=\"lazy\" class=\"aligncenter size-full wp-image-4561\" src=\"http:\/\/zso4.szczecin.pl\/liceum\/wp-content\/uploads\/sites\/6\/2023\/06\/IMG-20230615-WA0002.jpg\" alt=\"\" width=\"1200\" height=\"1600\" srcset=\"https:\/\/zso4.szczecin.pl\/liceum\/wp-content\/uploads\/sites\/6\/2023\/06\/IMG-20230615-WA0002.jpg 1200w, https:\/\/zso4.szczecin.pl\/liceum\/wp-content\/uploads\/sites\/6\/2023\/06\/IMG-20230615-WA0002-225x300.jpg 225w, https:\/\/zso4.szczecin.pl\/liceum\/wp-content\/uploads\/sites\/6\/2023\/06\/IMG-20230615-WA0002-768x1024.jpg 768w, https:\/\/zso4.szczecin.pl\/liceum\/wp-content\/uploads\/sites\/6\/2023\/06\/IMG-20230615-WA0002-1152x1536.jpg 1152w\" sizes=\"(max-width: 1200px) 100vw, 1200px\" \/><\/a> <a href=\"http:\/\/zso4.szczecin.pl\/liceum\/wp-content\/uploads\/sites\/6\/2023\/06\/IMG-20230615-WA0003.jpg\"><img loading=\"lazy\" class=\"aligncenter size-full wp-image-4562\" src=\"http:\/\/zso4.szczecin.pl\/liceum\/wp-content\/uploads\/sites\/6\/2023\/06\/IMG-20230615-WA0003.jpg\" alt=\"\" width=\"1600\" height=\"1200\" srcset=\"https:\/\/zso4.szczecin.pl\/liceum\/wp-content\/uploads\/sites\/6\/2023\/06\/IMG-20230615-WA0003.jpg 1600w, https:\/\/zso4.szczecin.pl\/liceum\/wp-content\/uploads\/sites\/6\/2023\/06\/IMG-20230615-WA0003-300x225.jpg 300w, https:\/\/zso4.szczecin.pl\/liceum\/wp-content\/uploads\/sites\/6\/2023\/06\/IMG-20230615-WA0003-1024x768.jpg 1024w, https:\/\/zso4.szczecin.pl\/liceum\/wp-content\/uploads\/sites\/6\/2023\/06\/IMG-20230615-WA0003-768x576.jpg 768w, https:\/\/zso4.szczecin.pl\/liceum\/wp-content\/uploads\/sites\/6\/2023\/06\/IMG-20230615-WA0003-1536x1152.jpg 1536w\" sizes=\"(max-width: 1600px) 100vw, 1600px\" \/><\/a> <a href=\"http:\/\/zso4.szczecin.pl\/liceum\/wp-content\/uploads\/sites\/6\/2023\/06\/IMG-20230615-WA0004.jpg\"><img loading=\"lazy\" class=\"aligncenter size-full wp-image-4563\" src=\"http:\/\/zso4.szczecin.pl\/liceum\/wp-content\/uploads\/sites\/6\/2023\/06\/IMG-20230615-WA0004.jpg\" alt=\"\" width=\"1600\" height=\"1200\" srcset=\"https:\/\/zso4.szczecin.pl\/liceum\/wp-content\/uploads\/sites\/6\/2023\/06\/IMG-20230615-WA0004.jpg 1600w, https:\/\/zso4.szczecin.pl\/liceum\/wp-content\/uploads\/sites\/6\/2023\/06\/IMG-20230615-WA0004-300x225.jpg 300w, https:\/\/zso4.szczecin.pl\/liceum\/wp-content\/uploads\/sites\/6\/2023\/06\/IMG-20230615-WA0004-1024x768.jpg 1024w, https:\/\/zso4.szczecin.pl\/liceum\/wp-content\/uploads\/sites\/6\/2023\/06\/IMG-20230615-WA0004-768x576.jpg 768w, https:\/\/zso4.szczecin.pl\/liceum\/wp-content\/uploads\/sites\/6\/2023\/06\/IMG-20230615-WA0004-1536x1152.jpg 1536w\" sizes=\"(max-width: 1600px) 100vw, 1600px\" \/><\/a><\/p>\n","protected":false},"excerpt":{"rendered":"<p>Z okazji Tygodnia J\u0119zyk\u00f3w Obcycych mieli\u015bmy zaszczyt go\u015bci\u0107 w naszej szkole wyk\u0142adowczynie Uniwersytetu Szczeci\u0144skiego Wydzia\u0142u Filologii Angielskiej Pani\u0105 dr Adrian\u0119 Goldman i Pani\u0105 Agnieszk\u0119 Kotul\u0119-Empringham, kt\u00f3re przeprowadzi\u0142y wyk\u0142ady i warsztaty dla uczni\u00f3w klas dwuj\u0119zycznych, lingwistycznych i europejskich. Wyk\u0142ady i warsztaty zosta\u0142y przeprowadzone w j\u0119zyku angielskim. Wyk\u0142ad w Pani\u0105 Kotul\u0105-Empringham dotyczy\u0142o \u017cycia w RPA, sk\u0105d ma [&hellip;]<\/p>\n","protected":false},"author":1,"featured_media":4561,"comment_status":"open","ping_status":"open","sticky":false,"template":"","format":"standard","meta":{"_exactmetrics_skip_tracking":false,"_exactmetrics_sitenote_active":false,"_exactmetrics_sitenote_note":"","_exactmetrics_sitenote_category":0},"categories":[1],"tags":[],"_links":{"self":[{"href":"https:\/\/zso4.szczecin.pl\/liceum\/wp-json\/wp\/v2\/posts\/4560"}],"collection":[{"href":"https:\/\/zso4.szczecin.pl\/liceum\/wp-json\/wp\/v2\/posts"}],"about":[{"href":"https:\/\/zso4.szczecin.pl\/liceum\/wp-json\/wp\/v2\/types\/post"}],"author":[{"embeddable":true,"href":"https:\/\/zso4.szczecin.pl\/liceum\/wp-json\/wp\/v2\/users\/1"}],"replies":[{"embeddable":true,"href":"https:\/\/zso4.szczecin.pl\/liceum\/wp-json\/wp\/v2\/comments?post=4560"}],"version-history":[{"count":1,"href":"https:\/\/zso4.szczecin.pl\/liceum\/wp-json\/wp\/v2\/posts\/4560\/revisions"}],"predecessor-version":[{"id":4564,"href":"https:\/\/zso4.szczecin.pl\/liceum\/wp-json\/wp\/v2\/posts\/4560\/revisions\/4564"}],"wp:featuredmedia":[{"embeddable":true,"href":"https:\/\/zso4.szczecin.pl\/liceum\/wp-json\/wp\/v2\/media\/4561"}],"wp:attachment":[{"href":"https:\/\/zso4.szczecin.pl\/liceum\/wp-json\/wp\/v2\/media?parent=4560"}],"wp:term":[{"taxonomy":"category","embeddable":true,"href":"https:\/\/zso4.szczecin.pl\/liceum\/wp-json\/wp\/v2\/categories?post=4560"},{"taxonomy":"post_tag","embeddable":true,"href":"https:\/\/zso4.szczecin.pl\/liceum\/wp-json\/wp\/v2\/tags?post=4560"}],"curies":[{"name":"wp","href":"https:\/\/api.w.org\/{rel}","templated":true}]}}