{"id":439,"date":"2017-11-21T00:04:25","date_gmt":"2017-11-20T23:04:25","guid":{"rendered":"http:\/\/zsoszczevi.cluster023.hosting.ovh.net\/liceum\/?p=439"},"modified":"2017-11-21T00:04:25","modified_gmt":"2017-11-20T23:04:25","slug":"w-teatrze-polskim","status":"publish","type":"post","link":"https:\/\/zso4.szczecin.pl\/liceum\/2017\/11\/21\/w-teatrze-polskim\/","title":{"rendered":"W Teatrze Polskim"},"content":{"rendered":"<div style=\"padding-left: 30px;\">\u00a0 \u00a0 \u00a0 \u00a0 \u00a0Dnia 16.11.2017 r. uczniowie klasy licealnych i gimnazjalnych wraz z Rodzicami i wychowawcami : p. A. Dzikowsk\u0105,<\/div>\n<div>p. J. Ta\u0144sk\u0105, p. B. Dorn\u0105, p. S. Pa\u0144czuk-Mura, p. S. Kowalczyk, p. B. Zymek mieli mo\u017cliwo\u015b\u0107 obejrzenia sztuki Aleksandra Fredry &#8222;Pan Geldhab&#8221; w Teatrze Polskim.<\/div>\n<div><span class=\"m_-5652310746572329221colour\"><span class=\"m_-5652310746572329221font\">\u00a0 \u00a0 \u00a0 \u00a0 \u00a0 \u00a0 \u00a0 \u00a0 &#8221; Pan Geldhab&#8221; by\u0142 pierwsz\u0105 wa\u017cn\u0105 sztuk\u0105 Fredry , dzi\u015b troch\u0119 \u00a0mniej popularn\u0105, ale wci\u0105\u017c warto\u015bciow\u0105 dla tw\u00f3rc\u00f3w i odbiorc\u00f3w. \u00a0Re\u017cyserem sztuki jest\u00a0Janusz Cichocki.\u00a0Uatrakcyjni\u0142 on \u00a0prawie dwustuletni\u0105 sztuk\u0119 i dlatego zar\u00f3wno kostiumy jak te\u017c dekoracje oraz muzyka w &#8222;Panu Geldhabie&#8221; s\u0105 zdecydowanie \u00a0wsp\u00f3\u0142czesne.\u00a0Spektakl jest bardzo zabawny i bogaty w \u015brodki wyrazu , a \u00a0akcj\u0119 \u00a0urozmaicaj\u0105 \u00a0piosenki \u015bpiewane przez pana Dzieciniaka. Kto jeszcze nie widzia\u0142 tej sztuki gor\u0105co polecamy.<\/span><\/span><\/div>\n<div>\n\n\t\t<style type=\"text\/css\">\n\t\t\t#gallery-1 {\n\t\t\t\tmargin: auto;\n\t\t\t}\n\t\t\t#gallery-1 .gallery-item {\n\t\t\t\tfloat: left;\n\t\t\t\tmargin-top: 10px;\n\t\t\t\ttext-align: center;\n\t\t\t\twidth: 33%;\n\t\t\t}\n\t\t\t#gallery-1 img {\n\t\t\t\tborder: 2px solid #cfcfcf;\n\t\t\t}\n\t\t\t#gallery-1 .gallery-caption {\n\t\t\t\tmargin-left: 0;\n\t\t\t}\n\t\t\t\/* see gallery_shortcode() in wp-includes\/media.php *\/\n\t\t<\/style>\n\t\t<div id='gallery-1' class='gallery galleryid-439 gallery-columns-3 gallery-size-thumbnail'><dl class='gallery-item'>\n\t\t\t<dt class='gallery-icon landscape'>\n\t\t\t\t<a href='https:\/\/zso4.szczecin.pl\/liceum\/2017\/11\/21\/w-teatrze-polskim\/23770350_1514544515280913_495613955_o\/'><img width=\"150\" height=\"150\" src=\"https:\/\/zso4.szczecin.pl\/liceum\/wp-content\/uploads\/sites\/6\/2017\/11\/23770350_1514544515280913_495613955_o-150x150.jpg\" class=\"attachment-thumbnail size-thumbnail\" alt=\"\" loading=\"lazy\" \/><\/a>\n\t\t\t<\/dt><\/dl><dl class='gallery-item'>\n\t\t\t<dt class='gallery-icon landscape'>\n\t\t\t\t<a href='https:\/\/zso4.szczecin.pl\/liceum\/2017\/11\/21\/w-teatrze-polskim\/23798123_1514544458614252_2067251147_o\/'><img width=\"150\" height=\"150\" src=\"https:\/\/zso4.szczecin.pl\/liceum\/wp-content\/uploads\/sites\/6\/2017\/11\/23798123_1514544458614252_2067251147_o-150x150.jpg\" class=\"attachment-thumbnail size-thumbnail\" alt=\"\" loading=\"lazy\" \/><\/a>\n\t\t\t<\/dt><\/dl><dl class='gallery-item'>\n\t\t\t<dt class='gallery-icon landscape'>\n\t\t\t\t<a href='https:\/\/zso4.szczecin.pl\/liceum\/2017\/11\/21\/w-teatrze-polskim\/23825696_1514544391947592_1012940889_o\/'><img width=\"150\" height=\"150\" src=\"https:\/\/zso4.szczecin.pl\/liceum\/wp-content\/uploads\/sites\/6\/2017\/11\/23825696_1514544391947592_1012940889_o-150x150.jpg\" class=\"attachment-thumbnail size-thumbnail\" alt=\"\" loading=\"lazy\" \/><\/a>\n\t\t\t<\/dt><\/dl><br style=\"clear: both\" \/><dl class='gallery-item'>\n\t\t\t<dt class='gallery-icon portrait'>\n\t\t\t\t<a href='https:\/\/zso4.szczecin.pl\/liceum\/2017\/11\/21\/w-teatrze-polskim\/23846708_1514544355280929_1979676859_o\/'><img width=\"150\" height=\"150\" src=\"https:\/\/zso4.szczecin.pl\/liceum\/wp-content\/uploads\/sites\/6\/2017\/11\/23846708_1514544355280929_1979676859_o-150x150.jpg\" class=\"attachment-thumbnail size-thumbnail\" alt=\"\" loading=\"lazy\" \/><\/a>\n\t\t\t<\/dt><\/dl>\n\t\t\t<br style='clear: both' \/>\n\t\t<\/div>\n\n<\/div>\n","protected":false},"excerpt":{"rendered":"<p>\u00a0 \u00a0 \u00a0 \u00a0 \u00a0Dnia 16.11.2017 r. uczniowie klasy licealnych i gimnazjalnych wraz z Rodzicami i wychowawcami : p. A. Dzikowsk\u0105, p. J. Ta\u0144sk\u0105, p. B. Dorn\u0105, p. S. Pa\u0144czuk-Mura, p. S. Kowalczyk, p. B. Zymek mieli mo\u017cliwo\u015b\u0107 obejrzenia sztuki Aleksandra Fredry &#8222;Pan Geldhab&#8221; w Teatrze Polskim. \u00a0 \u00a0 \u00a0 \u00a0 \u00a0 \u00a0 \u00a0 \u00a0 [&hellip;]<\/p>\n","protected":false},"author":1,"featured_media":0,"comment_status":"open","ping_status":"open","sticky":false,"template":"","format":"standard","meta":{"_exactmetrics_skip_tracking":false,"_exactmetrics_sitenote_active":false,"_exactmetrics_sitenote_note":"","_exactmetrics_sitenote_category":0},"categories":[7],"tags":[],"_links":{"self":[{"href":"https:\/\/zso4.szczecin.pl\/liceum\/wp-json\/wp\/v2\/posts\/439"}],"collection":[{"href":"https:\/\/zso4.szczecin.pl\/liceum\/wp-json\/wp\/v2\/posts"}],"about":[{"href":"https:\/\/zso4.szczecin.pl\/liceum\/wp-json\/wp\/v2\/types\/post"}],"author":[{"embeddable":true,"href":"https:\/\/zso4.szczecin.pl\/liceum\/wp-json\/wp\/v2\/users\/1"}],"replies":[{"embeddable":true,"href":"https:\/\/zso4.szczecin.pl\/liceum\/wp-json\/wp\/v2\/comments?post=439"}],"version-history":[{"count":1,"href":"https:\/\/zso4.szczecin.pl\/liceum\/wp-json\/wp\/v2\/posts\/439\/revisions"}],"predecessor-version":[{"id":444,"href":"https:\/\/zso4.szczecin.pl\/liceum\/wp-json\/wp\/v2\/posts\/439\/revisions\/444"}],"wp:attachment":[{"href":"https:\/\/zso4.szczecin.pl\/liceum\/wp-json\/wp\/v2\/media?parent=439"}],"wp:term":[{"taxonomy":"category","embeddable":true,"href":"https:\/\/zso4.szczecin.pl\/liceum\/wp-json\/wp\/v2\/categories?post=439"},{"taxonomy":"post_tag","embeddable":true,"href":"https:\/\/zso4.szczecin.pl\/liceum\/wp-json\/wp\/v2\/tags?post=439"}],"curies":[{"name":"wp","href":"https:\/\/api.w.org\/{rel}","templated":true}]}}