{"id":2264,"date":"2019-06-06T21:22:52","date_gmt":"2019-06-06T19:22:52","guid":{"rendered":"http:\/\/zso4.szczecin.pl\/liceum\/?p=2264"},"modified":"2019-06-06T21:22:52","modified_gmt":"2019-06-06T19:22:52","slug":"warsztaty-szkoleniowe-dla-wolontariuszy-i-nie-tylko","status":"publish","type":"post","link":"https:\/\/zso4.szczecin.pl\/liceum\/2019\/06\/06\/warsztaty-szkoleniowe-dla-wolontariuszy-i-nie-tylko\/","title":{"rendered":"WARSZTATY SZKOLENIOWE DLA WOLONTARIUSZY I NIE TYLKO"},"content":{"rendered":"<p align=\"justify\"><span style=\"font-family: Cambria, serif;\"><span style=\"font-size: medium;\">Dwukrotnie w naszej szkole zosta\u0142y przeprowadzone warsztaty dla wolontariuszy i uczni\u00f3w klasy 7a. Pierwsze z nich poprowadzi\u0142 psycholog, terapeuta uzale<\/span><\/span><span style=\"font-family: Cambria, serif;\"><span style=\"font-size: medium;\">\u017c<\/span><\/span><span style=\"font-family: Cambria, serif;\"><span style=\"font-size: medium;\">nie<\/span><\/span><span style=\"font-family: Cambria, serif;\"><span style=\"font-size: medium;\">\u0144<\/span><\/span><span style=\"font-family: Cambria, serif;\"><span style=\"font-size: medium;\">, pan Micha\u0142 Klimczak. Temat szkolenia brzmia\u0142 \u201eKilka s\u0142\u00f3w o uzale<\/span><\/span><span style=\"font-family: Cambria, serif;\"><span style=\"font-size: medium;\">\u017c<\/span><\/span><span style=\"font-family: Cambria, serif;\"><span style=\"font-size: medium;\">nieniach\u2026Czy dotycz\u0105 ka<\/span><\/span><span style=\"font-family: Cambria, serif;\"><span style=\"font-size: medium;\">\u017c<\/span><\/span><span style=\"font-family: Cambria, serif;\"><span style=\"font-size: medium;\">dego z nas?\u201d <\/span><\/span><span style=\"font-family: Cambria, serif;\"><span style=\"font-size: medium;\">Celem szkolenia dla naszych uczni\u00f3w by\u0142o: <\/span><\/span><span style=\"font-family: Cambria, serif;\"><span style=\"font-size: medium;\"> poszerzenie <\/span><\/span><span style=\"font-family: Cambria, serif;\"><span style=\"font-size: medium;\">wiedzy i zwi\u0119kszenie ich umiej\u0119tno<\/span><\/span><span style=\"font-family: Cambria, serif;\"><span style=\"font-size: medium;\">\u015b<\/span><\/span><span style=\"font-family: Cambria, serif;\"><span style=\"font-size: medium;\">ci z zakresu profilaktyki. W jej ramach <\/span><\/span><span style=\"font-family: Cambria, serif;\"><span style=\"font-size: medium;\">poruszono problematyk\u0119 r\u00f3<\/span><\/span><span style=\"font-family: Cambria, serif;\"><span style=\"font-size: medium;\">\u017c<\/span><\/span><span style=\"font-family: Cambria, serif;\"><span style=\"font-size: medium;\">nego rodzaju zachowa<\/span><\/span><span style=\"font-family: Cambria, serif;\"><span style=\"font-size: medium;\">\u0144<\/span><\/span><span style=\"font-family: Cambria, serif;\"><span style=\"font-size: medium;\"> na<\/span><\/span><span style=\"font-family: Cambria, serif;\"><span style=\"font-size: medium;\">\u0142<\/span><\/span><span style=\"font-family: Cambria, serif;\"><span style=\"font-size: medium;\">ogowych, wskazano na mechanizmy i objawy uzale<\/span><\/span><span style=\"font-family: Cambria, serif;\"><span style=\"font-size: medium;\">\u017c<\/span><\/span><span style=\"font-family: Cambria, serif;\"><span style=\"font-size: medium;\">nie\u0144<\/span><\/span><span style=\"font-family: Cambria, serif;\"><span style=\"font-size: medium;\">, przekazano wiedz\u0119 jak rozpoznawa<\/span><\/span><span style=\"font-family: Cambria, serif;\"><span style=\"font-size: medium;\">\u0107<\/span><\/span><span style=\"font-family: Cambria, serif;\"><span style=\"font-size: medium;\"> ich symptomy, pokazano do czego prowadz\u0105 skrajno<\/span><\/span><span style=\"font-family: Cambria, serif;\"><span style=\"font-size: medium;\">\u015b<\/span><\/span><span style=\"font-family: Cambria, serif;\"><span style=\"font-size: medium;\">ci i nadu<\/span><\/span><span style=\"font-family: Cambria, serif;\"><span style=\"font-size: medium;\">\u017c<\/span><\/span><span style=\"font-family: Cambria, serif;\"><span style=\"font-size: medium;\">ycia od<\/span><\/span><span style=\"font-family: Cambria, serif;\"><span style=\"font-size: medium;\">\u017c<\/span><\/span><span style=\"font-family: Cambria, serif;\"><span style=\"font-size: medium;\">ywek. <\/span><\/span><\/p>\n<p align=\"justify\"><span style=\"font-family: Cambria, serif;\"><span style=\"font-size: medium;\">Drugie szkolenia poprowadzi\u0142 lekarz pediatra, profesor Jacek Rudnicki i dotyczy\u0142y problemu emocji, jakie towarzysz\u0105 m\u0142odym ludziom i sposob\u00f3w, jak sobie z nimi radzi<\/span><\/span><span style=\"font-family: Cambria, serif;\"><span style=\"font-size: medium;\">\u0107. Uczniowie mogli dowiedzie\u0107 si\u0119 jak <\/span><\/span> <span style=\"font-family: Cambria, serif;\"><span style=\"font-size: medium;\">poszerzy\u0107<\/span><\/span> <span style=\"font-family: Cambria, serif;\"><span style=\"font-size: medium;\">mo<\/span><\/span><span style=\"font-family: Cambria, serif;\"><span style=\"font-size: medium;\">\u017c<\/span><\/span><span style=\"font-family: Cambria, serif;\"><span style=\"font-size: medium;\">liwo<\/span><\/span><span style=\"font-family: Cambria, serif;\"><span style=\"font-size: medium;\">\u015b<\/span><\/span><span style=\"font-family: Cambria, serif;\"><span style=\"font-size: medium;\">ci <\/span><\/span><span style=\"font-family: Cambria, serif;\"><span style=\"font-size: medium;\">radzenia sobie z trudno<\/span><\/span><span style=\"font-family: Cambria, serif;\"><span style=\"font-size: medium;\">\u015b<\/span><\/span><span style=\"font-family: Cambria, serif;\"><span style=\"font-size: medium;\">ciami w okresie dojrzewania,<\/span><\/span><span style=\"font-family: Cambria, serif;\"><span style=\"font-size: medium;\"> naby\u0107 umiej\u0119tno<\/span><\/span><span style=\"font-family: Cambria, serif;\"><span style=\"font-size: medium;\">\u015b<\/span><\/span><span style=\"font-family: Cambria, serif;\"><span style=\"font-size: medium;\">ci redukowania stresu,<\/span><\/span><span style=\"font-family: Cambria, serif;\"><span style=\"font-size: medium;\">\u00a0<\/span><\/span><span style=\"font-family: Cambria, serif;\"><span style=\"font-size: medium;\">radzi\u0107 sobie w sytuacjach konfliktowych i trudnych oraz u<\/span><\/span><span style=\"font-family: Cambria, serif;\"><span style=\"font-size: medium;\">\u015b<\/span><\/span><span style=\"font-family: Cambria, serif;\"><span style=\"font-size: medium;\">wiadomi\u0107 sobie znaczenie w<\/span><\/span><span style=\"font-family: Cambria, serif;\"><span style=\"font-size: medium;\">\u0142<\/span><\/span><span style=\"font-family: Cambria, serif;\"><span style=\"font-size: medium;\">asnych emocji.<\/span><\/span><\/p>\n\n\t\t<style type=\"text\/css\">\n\t\t\t#gallery-1 {\n\t\t\t\tmargin: auto;\n\t\t\t}\n\t\t\t#gallery-1 .gallery-item {\n\t\t\t\tfloat: left;\n\t\t\t\tmargin-top: 10px;\n\t\t\t\ttext-align: center;\n\t\t\t\twidth: 33%;\n\t\t\t}\n\t\t\t#gallery-1 img {\n\t\t\t\tborder: 2px solid #cfcfcf;\n\t\t\t}\n\t\t\t#gallery-1 .gallery-caption {\n\t\t\t\tmargin-left: 0;\n\t\t\t}\n\t\t\t\/* see gallery_shortcode() in wp-includes\/media.php *\/\n\t\t<\/style>\n\t\t<div id='gallery-1' class='gallery galleryid-2264 gallery-columns-3 gallery-size-thumbnail'><dl class='gallery-item'>\n\t\t\t<dt class='gallery-icon landscape'>\n\t\t\t\t<a href='https:\/\/zso4.szczecin.pl\/liceum\/2019\/06\/06\/warsztaty-szkoleniowe-dla-wolontariuszy-i-nie-tylko\/img_20190321_145704_hdr\/'><img width=\"150\" height=\"150\" src=\"https:\/\/zso4.szczecin.pl\/liceum\/wp-content\/uploads\/sites\/6\/2019\/06\/IMG_20190321_145704_HDR-150x150.jpg\" class=\"attachment-thumbnail size-thumbnail\" alt=\"\" loading=\"lazy\" \/><\/a>\n\t\t\t<\/dt><\/dl><dl class='gallery-item'>\n\t\t\t<dt class='gallery-icon landscape'>\n\t\t\t\t<a href='https:\/\/zso4.szczecin.pl\/liceum\/2019\/06\/06\/warsztaty-szkoleniowe-dla-wolontariuszy-i-nie-tylko\/img_20190321_150537_hdr\/'><img width=\"150\" height=\"150\" src=\"https:\/\/zso4.szczecin.pl\/liceum\/wp-content\/uploads\/sites\/6\/2019\/06\/IMG_20190321_150537_HDR-150x150.jpg\" class=\"attachment-thumbnail size-thumbnail\" alt=\"\" loading=\"lazy\" \/><\/a>\n\t\t\t<\/dt><\/dl><dl class='gallery-item'>\n\t\t\t<dt class='gallery-icon landscape'>\n\t\t\t\t<a href='https:\/\/zso4.szczecin.pl\/liceum\/2019\/06\/06\/warsztaty-szkoleniowe-dla-wolontariuszy-i-nie-tylko\/img_20190321_150557_hdr\/'><img width=\"150\" height=\"150\" src=\"https:\/\/zso4.szczecin.pl\/liceum\/wp-content\/uploads\/sites\/6\/2019\/06\/IMG_20190321_150557_HDR-150x150.jpg\" class=\"attachment-thumbnail size-thumbnail\" alt=\"\" loading=\"lazy\" \/><\/a>\n\t\t\t<\/dt><\/dl><br style=\"clear: both\" \/><dl class='gallery-item'>\n\t\t\t<dt class='gallery-icon landscape'>\n\t\t\t\t<a href='https:\/\/zso4.szczecin.pl\/liceum\/2019\/06\/06\/warsztaty-szkoleniowe-dla-wolontariuszy-i-nie-tylko\/received_1249785205183987\/'><img width=\"150\" height=\"150\" src=\"https:\/\/zso4.szczecin.pl\/liceum\/wp-content\/uploads\/sites\/6\/2019\/06\/received_1249785205183987-150x150.jpeg\" class=\"attachment-thumbnail size-thumbnail\" alt=\"\" loading=\"lazy\" \/><\/a>\n\t\t\t<\/dt><\/dl><dl class='gallery-item'>\n\t\t\t<dt class='gallery-icon landscape'>\n\t\t\t\t<a href='https:\/\/zso4.szczecin.pl\/liceum\/2019\/06\/06\/warsztaty-szkoleniowe-dla-wolontariuszy-i-nie-tylko\/received_1505445776253255\/'><img width=\"150\" height=\"150\" src=\"https:\/\/zso4.szczecin.pl\/liceum\/wp-content\/uploads\/sites\/6\/2019\/06\/received_1505445776253255-150x150.jpeg\" class=\"attachment-thumbnail size-thumbnail\" alt=\"\" loading=\"lazy\" \/><\/a>\n\t\t\t<\/dt><\/dl>\n\t\t\t<br style='clear: both' \/>\n\t\t<\/div>\n\n","protected":false},"excerpt":{"rendered":"<p>Dwukrotnie w naszej szkole zosta\u0142y przeprowadzone warsztaty dla wolontariuszy i uczni\u00f3w klasy 7a. Pierwsze z nich poprowadzi\u0142 psycholog, terapeuta uzale\u017cnie\u0144, pan Micha\u0142 Klimczak. Temat szkolenia brzmia\u0142 \u201eKilka s\u0142\u00f3w o uzale\u017cnieniach\u2026Czy dotycz\u0105 ka\u017cdego z nas?\u201d Celem szkolenia dla naszych uczni\u00f3w by\u0142o: poszerzenie wiedzy i zwi\u0119kszenie ich umiej\u0119tno\u015bci z zakresu profilaktyki. W jej ramach poruszono problematyk\u0119 r\u00f3\u017cnego [&hellip;]<\/p>\n","protected":false},"author":1,"featured_media":0,"comment_status":"open","ping_status":"open","sticky":false,"template":"","format":"standard","meta":{"_exactmetrics_skip_tracking":false,"_exactmetrics_sitenote_active":false,"_exactmetrics_sitenote_note":"","_exactmetrics_sitenote_category":0},"categories":[13],"tags":[],"_links":{"self":[{"href":"https:\/\/zso4.szczecin.pl\/liceum\/wp-json\/wp\/v2\/posts\/2264"}],"collection":[{"href":"https:\/\/zso4.szczecin.pl\/liceum\/wp-json\/wp\/v2\/posts"}],"about":[{"href":"https:\/\/zso4.szczecin.pl\/liceum\/wp-json\/wp\/v2\/types\/post"}],"author":[{"embeddable":true,"href":"https:\/\/zso4.szczecin.pl\/liceum\/wp-json\/wp\/v2\/users\/1"}],"replies":[{"embeddable":true,"href":"https:\/\/zso4.szczecin.pl\/liceum\/wp-json\/wp\/v2\/comments?post=2264"}],"version-history":[{"count":1,"href":"https:\/\/zso4.szczecin.pl\/liceum\/wp-json\/wp\/v2\/posts\/2264\/revisions"}],"predecessor-version":[{"id":2270,"href":"https:\/\/zso4.szczecin.pl\/liceum\/wp-json\/wp\/v2\/posts\/2264\/revisions\/2270"}],"wp:attachment":[{"href":"https:\/\/zso4.szczecin.pl\/liceum\/wp-json\/wp\/v2\/media?parent=2264"}],"wp:term":[{"taxonomy":"category","embeddable":true,"href":"https:\/\/zso4.szczecin.pl\/liceum\/wp-json\/wp\/v2\/categories?post=2264"},{"taxonomy":"post_tag","embeddable":true,"href":"https:\/\/zso4.szczecin.pl\/liceum\/wp-json\/wp\/v2\/tags?post=2264"}],"curies":[{"name":"wp","href":"https:\/\/api.w.org\/{rel}","templated":true}]}}