{"id":2255,"date":"2019-06-06T21:16:48","date_gmt":"2019-06-06T19:16:48","guid":{"rendered":"http:\/\/zso4.szczecin.pl\/liceum\/?p=2255"},"modified":"2019-06-06T21:16:48","modified_gmt":"2019-06-06T19:16:48","slug":"wolontariusze-na-dzien-dziecka","status":"publish","type":"post","link":"https:\/\/zso4.szczecin.pl\/liceum\/2019\/06\/06\/wolontariusze-na-dzien-dziecka\/","title":{"rendered":"WOLONTARIUSZE NA DZIE\u0143 DZIECKA"},"content":{"rendered":"<p><span style=\"font-family: 'Times New Roman', serif;\">Jak co roku 1 czerwca w Dzie\u0144 Dziecka w Teatrze Letnim w Szczecinie si\u0119 du\u017co si\u0119 dzia\u0142o. W programie imprezy znalaz\u0142y si\u0119 m.in. : ceremonia wr\u0119czenia nagrody dzieci\u0119cej Brzd\u0105c, pokazy taneczne, koncerty, wystawy i prezentacje, dzieci\u0119ce place zabaw, gry, zabawy, animacje, konkursy z nagrodami, warsztaty edukacyjne, p\u0142ywanie \u0142\u00f3dkami po Rusa\u0142ce. Na wielki fina\u0142 obchod\u00f3w Dnia Dziecka przygotowano koncert Weroniki Juszczak.\u00a0<\/span><\/p>\n<p><span style=\"font-family: 'Times New Roman', serif;\">Oczywi\u015bcie na tej cyklicznej imprezie nie mog\u0142o zabrakn\u0105\u0107 wolontariuszy z ZSO nr 4. Nasze dzia\u0142ania udokumentowali\u015bmy w poni\u017cszej fotorelacji.<\/span><\/p>\n\n\t\t<style type=\"text\/css\">\n\t\t\t#gallery-1 {\n\t\t\t\tmargin: auto;\n\t\t\t}\n\t\t\t#gallery-1 .gallery-item {\n\t\t\t\tfloat: left;\n\t\t\t\tmargin-top: 10px;\n\t\t\t\ttext-align: center;\n\t\t\t\twidth: 33%;\n\t\t\t}\n\t\t\t#gallery-1 img {\n\t\t\t\tborder: 2px solid #cfcfcf;\n\t\t\t}\n\t\t\t#gallery-1 .gallery-caption {\n\t\t\t\tmargin-left: 0;\n\t\t\t}\n\t\t\t\/* see gallery_shortcode() in wp-includes\/media.php *\/\n\t\t<\/style>\n\t\t<div id='gallery-1' class='gallery galleryid-2255 gallery-columns-3 gallery-size-medium'><dl class='gallery-item'>\n\t\t\t<dt class='gallery-icon landscape'>\n\t\t\t\t<a class=\"grouped_elements\" rel=\"tc-fancybox-group\" href=\"https:\/\/zso4.szczecin.pl\/liceum\/wp-content\/uploads\/sites\/6\/2019\/06\/IMG_20190601_151300_HDR.jpg\" title=\"IMG_20190601_151300_HDR\"><img width=\"300\" height=\"225\" src=\"https:\/\/zso4.szczecin.pl\/liceum\/wp-content\/uploads\/sites\/6\/2019\/06\/IMG_20190601_151300_HDR-300x225.jpg\" class=\"attachment-medium size-medium\" alt=\"\" loading=\"lazy\" srcset=\"https:\/\/zso4.szczecin.pl\/liceum\/wp-content\/uploads\/sites\/6\/2019\/06\/IMG_20190601_151300_HDR-300x225.jpg 300w, https:\/\/zso4.szczecin.pl\/liceum\/wp-content\/uploads\/sites\/6\/2019\/06\/IMG_20190601_151300_HDR-768x576.jpg 768w, https:\/\/zso4.szczecin.pl\/liceum\/wp-content\/uploads\/sites\/6\/2019\/06\/IMG_20190601_151300_HDR-1024x768.jpg 1024w\" sizes=\"(max-width: 300px) 100vw, 300px\" \/><\/a>\n\t\t\t<\/dt><\/dl><dl class='gallery-item'>\n\t\t\t<dt class='gallery-icon landscape'>\n\t\t\t\t<a class=\"grouped_elements\" rel=\"tc-fancybox-group\" href=\"https:\/\/zso4.szczecin.pl\/liceum\/wp-content\/uploads\/sites\/6\/2019\/06\/IMG_20190601_152351_HDR.jpg\" title=\"IMG_20190601_152351_HDR\"><img width=\"300\" height=\"225\" src=\"https:\/\/zso4.szczecin.pl\/liceum\/wp-content\/uploads\/sites\/6\/2019\/06\/IMG_20190601_152351_HDR-300x225.jpg\" class=\"attachment-medium size-medium\" alt=\"\" loading=\"lazy\" srcset=\"https:\/\/zso4.szczecin.pl\/liceum\/wp-content\/uploads\/sites\/6\/2019\/06\/IMG_20190601_152351_HDR-300x225.jpg 300w, https:\/\/zso4.szczecin.pl\/liceum\/wp-content\/uploads\/sites\/6\/2019\/06\/IMG_20190601_152351_HDR-768x576.jpg 768w, https:\/\/zso4.szczecin.pl\/liceum\/wp-content\/uploads\/sites\/6\/2019\/06\/IMG_20190601_152351_HDR-1024x768.jpg 1024w\" sizes=\"(max-width: 300px) 100vw, 300px\" \/><\/a>\n\t\t\t<\/dt><\/dl><dl class='gallery-item'>\n\t\t\t<dt class='gallery-icon landscape'>\n\t\t\t\t<a class=\"grouped_elements\" rel=\"tc-fancybox-group\" href=\"https:\/\/zso4.szczecin.pl\/liceum\/wp-content\/uploads\/sites\/6\/2019\/06\/IMG_20190601_161017_HDR.jpg\" title=\"IMG_20190601_161017_HDR\"><img width=\"300\" height=\"225\" src=\"https:\/\/zso4.szczecin.pl\/liceum\/wp-content\/uploads\/sites\/6\/2019\/06\/IMG_20190601_161017_HDR-300x225.jpg\" class=\"attachment-medium size-medium\" alt=\"\" loading=\"lazy\" srcset=\"https:\/\/zso4.szczecin.pl\/liceum\/wp-content\/uploads\/sites\/6\/2019\/06\/IMG_20190601_161017_HDR-300x225.jpg 300w, https:\/\/zso4.szczecin.pl\/liceum\/wp-content\/uploads\/sites\/6\/2019\/06\/IMG_20190601_161017_HDR-768x576.jpg 768w, https:\/\/zso4.szczecin.pl\/liceum\/wp-content\/uploads\/sites\/6\/2019\/06\/IMG_20190601_161017_HDR-1024x768.jpg 1024w\" sizes=\"(max-width: 300px) 100vw, 300px\" \/><\/a>\n\t\t\t<\/dt><\/dl><br style=\"clear: both\" \/><dl class='gallery-item'>\n\t\t\t<dt class='gallery-icon landscape'>\n\t\t\t\t<a class=\"grouped_elements\" rel=\"tc-fancybox-group\" href=\"https:\/\/zso4.szczecin.pl\/liceum\/wp-content\/uploads\/sites\/6\/2019\/06\/IMG_20190601_161404_HDR.jpg\" title=\"IMG_20190601_161404_HDR\"><img width=\"300\" height=\"225\" src=\"https:\/\/zso4.szczecin.pl\/liceum\/wp-content\/uploads\/sites\/6\/2019\/06\/IMG_20190601_161404_HDR-300x225.jpg\" class=\"attachment-medium size-medium\" alt=\"\" loading=\"lazy\" srcset=\"https:\/\/zso4.szczecin.pl\/liceum\/wp-content\/uploads\/sites\/6\/2019\/06\/IMG_20190601_161404_HDR-300x225.jpg 300w, https:\/\/zso4.szczecin.pl\/liceum\/wp-content\/uploads\/sites\/6\/2019\/06\/IMG_20190601_161404_HDR-768x576.jpg 768w, https:\/\/zso4.szczecin.pl\/liceum\/wp-content\/uploads\/sites\/6\/2019\/06\/IMG_20190601_161404_HDR-1024x768.jpg 1024w\" sizes=\"(max-width: 300px) 100vw, 300px\" \/><\/a>\n\t\t\t<\/dt><\/dl><dl class='gallery-item'>\n\t\t\t<dt class='gallery-icon landscape'>\n\t\t\t\t<a class=\"grouped_elements\" rel=\"tc-fancybox-group\" href=\"https:\/\/zso4.szczecin.pl\/liceum\/wp-content\/uploads\/sites\/6\/2019\/06\/IMG_20190601_161422_HDR.jpg\" title=\"IMG_20190601_161422_HDR\"><img width=\"300\" height=\"225\" src=\"https:\/\/zso4.szczecin.pl\/liceum\/wp-content\/uploads\/sites\/6\/2019\/06\/IMG_20190601_161422_HDR-300x225.jpg\" class=\"attachment-medium size-medium\" alt=\"\" loading=\"lazy\" srcset=\"https:\/\/zso4.szczecin.pl\/liceum\/wp-content\/uploads\/sites\/6\/2019\/06\/IMG_20190601_161422_HDR-300x225.jpg 300w, https:\/\/zso4.szczecin.pl\/liceum\/wp-content\/uploads\/sites\/6\/2019\/06\/IMG_20190601_161422_HDR-768x576.jpg 768w, https:\/\/zso4.szczecin.pl\/liceum\/wp-content\/uploads\/sites\/6\/2019\/06\/IMG_20190601_161422_HDR-1024x768.jpg 1024w\" sizes=\"(max-width: 300px) 100vw, 300px\" \/><\/a>\n\t\t\t<\/dt><\/dl><dl class='gallery-item'>\n\t\t\t<dt class='gallery-icon landscape'>\n\t\t\t\t<a class=\"grouped_elements\" rel=\"tc-fancybox-group\" href=\"https:\/\/zso4.szczecin.pl\/liceum\/wp-content\/uploads\/sites\/6\/2019\/06\/IMG_20190601_172054_HDR.jpg\" title=\"IMG_20190601_172054_HDR\"><img width=\"300\" height=\"225\" src=\"https:\/\/zso4.szczecin.pl\/liceum\/wp-content\/uploads\/sites\/6\/2019\/06\/IMG_20190601_172054_HDR-300x225.jpg\" class=\"attachment-medium size-medium\" alt=\"\" loading=\"lazy\" srcset=\"https:\/\/zso4.szczecin.pl\/liceum\/wp-content\/uploads\/sites\/6\/2019\/06\/IMG_20190601_172054_HDR-300x225.jpg 300w, https:\/\/zso4.szczecin.pl\/liceum\/wp-content\/uploads\/sites\/6\/2019\/06\/IMG_20190601_172054_HDR-768x576.jpg 768w, https:\/\/zso4.szczecin.pl\/liceum\/wp-content\/uploads\/sites\/6\/2019\/06\/IMG_20190601_172054_HDR-1024x768.jpg 1024w\" sizes=\"(max-width: 300px) 100vw, 300px\" \/><\/a>\n\t\t\t<\/dt><\/dl><br style=\"clear: both\" \/><dl class='gallery-item'>\n\t\t\t<dt class='gallery-icon portrait'>\n\t\t\t\t<a class=\"grouped_elements\" rel=\"tc-fancybox-group\" href=\"https:\/\/zso4.szczecin.pl\/liceum\/wp-content\/uploads\/sites\/6\/2019\/06\/received_2331689253751632.jpeg\" title=\"received_2331689253751632\"><img width=\"225\" height=\"300\" src=\"https:\/\/zso4.szczecin.pl\/liceum\/wp-content\/uploads\/sites\/6\/2019\/06\/received_2331689253751632-225x300.jpeg\" class=\"attachment-medium size-medium\" alt=\"\" loading=\"lazy\" srcset=\"https:\/\/zso4.szczecin.pl\/liceum\/wp-content\/uploads\/sites\/6\/2019\/06\/received_2331689253751632-225x300.jpeg 225w, https:\/\/zso4.szczecin.pl\/liceum\/wp-content\/uploads\/sites\/6\/2019\/06\/received_2331689253751632-768x1024.jpeg 768w\" sizes=\"(max-width: 225px) 100vw, 225px\" \/><\/a>\n\t\t\t<\/dt><\/dl>\n\t\t\t<br style='clear: both' \/>\n\t\t<\/div>\n\n","protected":false},"excerpt":{"rendered":"<p>Jak co roku 1 czerwca w Dzie\u0144 Dziecka w Teatrze Letnim w Szczecinie si\u0119 du\u017co si\u0119 dzia\u0142o. W programie imprezy znalaz\u0142y si\u0119 m.in. : ceremonia wr\u0119czenia nagrody dzieci\u0119cej Brzd\u0105c, pokazy taneczne, koncerty, wystawy i prezentacje, dzieci\u0119ce place zabaw, gry, zabawy, animacje, konkursy z nagrodami, warsztaty edukacyjne, p\u0142ywanie \u0142\u00f3dkami po Rusa\u0142ce. Na wielki fina\u0142 obchod\u00f3w Dnia [&hellip;]<\/p>\n","protected":false},"author":1,"featured_media":0,"comment_status":"open","ping_status":"open","sticky":false,"template":"","format":"standard","meta":{"_exactmetrics_skip_tracking":false,"_exactmetrics_sitenote_active":false,"_exactmetrics_sitenote_note":"","_exactmetrics_sitenote_category":0},"categories":[13],"tags":[],"_links":{"self":[{"href":"https:\/\/zso4.szczecin.pl\/liceum\/wp-json\/wp\/v2\/posts\/2255"}],"collection":[{"href":"https:\/\/zso4.szczecin.pl\/liceum\/wp-json\/wp\/v2\/posts"}],"about":[{"href":"https:\/\/zso4.szczecin.pl\/liceum\/wp-json\/wp\/v2\/types\/post"}],"author":[{"embeddable":true,"href":"https:\/\/zso4.szczecin.pl\/liceum\/wp-json\/wp\/v2\/users\/1"}],"replies":[{"embeddable":true,"href":"https:\/\/zso4.szczecin.pl\/liceum\/wp-json\/wp\/v2\/comments?post=2255"}],"version-history":[{"count":1,"href":"https:\/\/zso4.szczecin.pl\/liceum\/wp-json\/wp\/v2\/posts\/2255\/revisions"}],"predecessor-version":[{"id":2263,"href":"https:\/\/zso4.szczecin.pl\/liceum\/wp-json\/wp\/v2\/posts\/2255\/revisions\/2263"}],"wp:attachment":[{"href":"https:\/\/zso4.szczecin.pl\/liceum\/wp-json\/wp\/v2\/media?parent=2255"}],"wp:term":[{"taxonomy":"category","embeddable":true,"href":"https:\/\/zso4.szczecin.pl\/liceum\/wp-json\/wp\/v2\/categories?post=2255"},{"taxonomy":"post_tag","embeddable":true,"href":"https:\/\/zso4.szczecin.pl\/liceum\/wp-json\/wp\/v2\/tags?post=2255"}],"curies":[{"name":"wp","href":"https:\/\/api.w.org\/{rel}","templated":true}]}}